{"id":15683,"date":"2024-09-04T09:38:19","date_gmt":"2024-09-04T12:38:19","guid":{"rendered":"https:\/\/www.visionweb.com.ar\/?p=15683"},"modified":"2024-09-04T09:38:19","modified_gmt":"2024-09-04T12:38:19","slug":"las-tarifas-del-tren-podrian-subir-un-40","status":"publish","type":"post","link":"https:\/\/www.visionweb.com.ar\/?p=15683","title":{"rendered":"Las tarifas del tren podr\u00edan subir un 40%"},"content":{"rendered":"<p><em><strong>Habr\u00e1 una consulta ciudadana para ejecutar el aumento. Los nuevos cuadros tarifarios ser\u00e1n puestos a consideraci\u00f3n de la opini\u00f3n y propuestas de la ciudadan\u00eda durante 3 d\u00edas h\u00e1biles, es decir, hasta el pr\u00f3ximo lunes 9 de septiembre.<\/strong><\/em><!--more--><\/p>\n<p><strong>\u00a0\u00a0\u00a0 <img loading=\"lazy\" decoding=\"async\" class=\"size-medium wp-image-6520 alignright\" src=\"https:\/\/www.visionweb.com.ar\/wp-content\/uploads\/2022\/07\/trenes-estacion-277x300.jpg\" alt=\"\" width=\"277\" height=\"300\" srcset=\"https:\/\/www.visionweb.com.ar\/wp-content\/uploads\/2022\/07\/trenes-estacion-277x300.jpg 277w, https:\/\/www.visionweb.com.ar\/wp-content\/uploads\/2022\/07\/trenes-estacion.jpg 500w\" sizes=\"auto, (max-width: 277px) 100vw, 277px\" \/> E<\/strong>l Gobierno comunic\u00f3 la apertura del proceso de participaci\u00f3n ciudadana para\u00a0<strong>aumentar un 40% la tarifa de los trenes<\/strong>\u00a0del \u00e1mbito metropolitano, como tambi\u00e9n los servicios locales extendidos, desde el lunes 16 de septiembre.<\/p>\n<p>La apertura fue publicada a trav\u00e9s de la\u00a0<a href=\"https:\/\/www.boletinoficial.gob.ar\/detalleAviso\/primera\/313306\/20240904\">Resoluci\u00f3n 29\/2024\u00a0<\/a>publicada este mi\u00e9rcoles en el Bolet\u00edn Oficial.<\/p>\n<p><strong>La propuesta eleva la tarifa de los servicios de las l\u00edneas Mitre, Sarmiento, San Mart\u00edn, Urquiza, Roca, Belgrano Norte y Sur de $200 a $280 para los tramos m\u00e1s cortos (0 a 12 kil\u00f3metros), de $260 a $360 para la segunda secci\u00f3n (12 a 24 km) y de $320 a $450 para los recorridos m\u00e1s largos (m\u00e1s de 24 km).<\/strong><\/p>\n<p>La posibilidad de abonar\u00a0<strong>el boleto en efectivo pasar\u00e1 a costar $900<\/strong>\u00a0independientemente de la distancia que se recorra, lo que tambi\u00e9n implica una suba en torno al 40% desde los $640 actuales.<\/p>\n<p>Aquellos pasajeros que<strong>\u00a0no tengan la SUBE registrada pagar\u00e1n el doble<\/strong>\u00a0del valor correspondiente seg\u00fan el tramo que transiten, por lo que el boleto m\u00ednimo a partir de mediados de septiembre pasar\u00e1 de $400 a $560.<\/p>\n<p><strong>Consulta ciudadana<\/strong><\/p>\n<p>Los nuevos cuadros tarifarios ser\u00e1n puestos a consideraci\u00f3n de la opini\u00f3n y propuestas de la ciudadan\u00eda durante apenas 3 d\u00edas h\u00e1biles a partir del d\u00eda siguiente a la publicaci\u00f3n del texto oficial, por lo que dicha posibilidad estar\u00e1 disponible hasta el pr\u00f3ximo lunes 9 de septiembre.<\/p>\n<p><strong>La participaci\u00f3n ciudadana se efectivizar\u00e1 a trav\u00e9s del sitio web de la Secretar\u00eda de Transporte:\u00a0<a href=\"https:\/\/www.argentina.gob.ar\/transporte\">https:\/\/www.argentina.gob.ar\/transporte<\/a><\/strong><strong>.<\/strong><\/p>\n<p>Los interesados podr\u00e1n participar una sola vez por cada instancia convocada. <strong>(VW)<\/strong><\/p>\n","protected":false},"excerpt":{"rendered":"<p>Habr\u00e1 una consulta ciudadana para ejecutar el aumento. Los nuevos cuadros tarifarios ser\u00e1n puestos a consideraci\u00f3n de la opini\u00f3n y propuestas de la ciudadan\u00eda durante 3 d\u00edas h\u00e1biles, es decir, hasta el pr\u00f3ximo lunes&#46;&#46;&#46;<\/p>\n","protected":false},"author":4,"featured_media":6520,"comment_status":"closed","ping_status":"closed","sticky":false,"template":"","format":"standard","meta":{"_monsterinsights_skip_tracking":false,"_monsterinsights_sitenote_active":false,"_monsterinsights_sitenote_note":"","_monsterinsights_sitenote_category":0,"footnotes":""},"categories":[4,5],"tags":[141,6645,6646],"class_list":["post-15683","post","type-post","status-publish","format-standard","has-post-thumbnail","hentry","category-politica","category-sociedad","tag-aumentos","tag-consulta-ciudadana","tag-tarifas-de-tren"],"_links":{"self":[{"href":"https:\/\/www.visionweb.com.ar\/index.php?rest_route=\/wp\/v2\/posts\/15683","targetHints":{"allow":["GET"]}}],"collection":[{"href":"https:\/\/www.visionweb.com.ar\/index.php?rest_route=\/wp\/v2\/posts"}],"about":[{"href":"https:\/\/www.visionweb.com.ar\/index.php?rest_route=\/wp\/v2\/types\/post"}],"author":[{"embeddable":true,"href":"https:\/\/www.visionweb.com.ar\/index.php?rest_route=\/wp\/v2\/users\/4"}],"replies":[{"embeddable":true,"href":"https:\/\/www.visionweb.com.ar\/index.php?rest_route=%2Fwp%2Fv2%2Fcomments&post=15683"}],"version-history":[{"count":1,"href":"https:\/\/www.visionweb.com.ar\/index.php?rest_route=\/wp\/v2\/posts\/15683\/revisions"}],"predecessor-version":[{"id":15684,"href":"https:\/\/www.visionweb.com.ar\/index.php?rest_route=\/wp\/v2\/posts\/15683\/revisions\/15684"}],"wp:featuredmedia":[{"embeddable":true,"href":"https:\/\/www.visionweb.com.ar\/index.php?rest_route=\/wp\/v2\/media\/6520"}],"wp:attachment":[{"href":"https:\/\/www.visionweb.com.ar\/index.php?rest_route=%2Fwp%2Fv2%2Fmedia&parent=15683"}],"wp:term":[{"taxonomy":"category","embeddable":true,"href":"https:\/\/www.visionweb.com.ar\/index.php?rest_route=%2Fwp%2Fv2%2Fcategories&post=15683"},{"taxonomy":"post_tag","embeddable":true,"href":"https:\/\/www.visionweb.com.ar\/index.php?rest_route=%2Fwp%2Fv2%2Ftags&post=15683"}],"curies":[{"name":"wp","href":"https:\/\/api.w.org\/{rel}","templated":true}]}}