{"id":15681,"date":"2024-09-04T09:23:41","date_gmt":"2024-09-04T12:23:41","guid":{"rendered":"https:\/\/www.visionweb.com.ar\/?p=15681"},"modified":"2024-09-04T09:23:41","modified_gmt":"2024-09-04T12:23:41","slug":"asignaciones-por-incapacidad-el-gobierno-recortaria-mas-de-120-mil-pensiones-por-irregularidades","status":"publish","type":"post","link":"https:\/\/www.visionweb.com.ar\/?p=15681","title":{"rendered":"Asignaciones por incapacidad: El Gobierno recortar\u00eda m\u00e1s de 120 mil pensiones por irregularidades"},"content":{"rendered":"<p><em><strong>La administraci\u00f3n de Milei, estudia\u00a0presuntas irregularidades en la concesi\u00f3n de las pensiones. Seg\u00fan ANDIS, entre el 30% y el 40% de los casos podr\u00edan resultar en la suspensi\u00f3n de los haberes otorgados. <\/strong><\/em><!--more--><\/p>\n<p><strong>\u00a0 <img loading=\"lazy\" decoding=\"async\" class=\"size-full wp-image-6539 alignright\" src=\"https:\/\/www.visionweb.com.ar\/wp-content\/uploads\/2022\/07\/Anses-local.bmp\" alt=\"\" width=\"495\" height=\"214\" \/>\u00a0 L<\/strong>a Agencia Nacional de Discapacidad (ANDIS) lleva adelante un <strong>control sobre las asignaciones por incapacidad<\/strong>, al detectar presuntas irregularidades, lo que podr\u00eda llevar al recorte de unas 120 mil pensiones.<\/p>\n<p>La administraci\u00f3n de Javier Milei decidi\u00f3 llevar a cabo un <strong>exhaustivo proceso de auditor\u00eda sobre las Pensiones No Contributivas por Invalidez Laboral<\/strong>, lo que resultar\u00e1 en la eliminaci\u00f3n de entre 120.000 y 160.000 de estos beneficios en los pr\u00f3ximos meses, seg\u00fan inform\u00f3 el portal Infobae.<\/p>\n<p>El recorte obedece a la <strong>detecci\u00f3n de presuntas irregularidades<\/strong> en la concesi\u00f3n de las pensiones, con el objetivo de <strong>asegurar que s\u00f3lo quienes realmente lo necesiten sigan recibiendo este apoyo del Estado<\/strong>.<\/p>\n<p>La Agencia Nacional de Discapacidad (ANDIS), en conjunto con la Direcci\u00f3n Nacional de Apoyos y Asignaciones Econ\u00f3micas<strong>, inici\u00f3 la auditor\u00eda de aproximadamente 400.000 beneficiarios de Pensiones No Contributivas por Invalidez Laboral<\/strong>. Estas auditor\u00edas se centraron inicialmente en la Ciudad Aut\u00f3noma de Buenos Aires, para luego extenderse a la provincia de Buenos Aires y otras regiones del pa\u00eds.<\/p>\n<p>Seg\u00fan estimaciones de la <strong>ANDIS, entre el 30% y el 40% de los casos auditados podr\u00edan resultar en la suspensi\u00f3n de los haberes otorgados<\/strong> por la Administraci\u00f3n Nacional de la Seguridad Social (ANSES). Esto significa que entre 120.000 y 160.000 personas podr\u00edan perder este beneficio, que representa el 70% del valor de la jubilaci\u00f3n m\u00ednima en Argentina.<\/p>\n<p>Entre las irregularidades detectadas, se incluyen la presentaci\u00f3n de documentaci\u00f3n m\u00e9dica falsificada, el uso de una misma radiograf\u00eda en m\u00faltiples expedientes, y casos en los que se concedieron pensiones a personas que no cumpl\u00edan con las condiciones de invalidez laboral.<\/p>\n<p>Adem\u00e1s, se identificaron incompatibilidades significativas en alrededor del 35% de las pensiones otorgadas, principalmente en lo que refiere a la posesi\u00f3n de bienes no declarados, empleo formal, y condiciones m\u00e9dicas que no justifican la invalidez laboral. <strong>(VW)<\/strong><\/p>\n","protected":false},"excerpt":{"rendered":"<p>La administraci\u00f3n de Milei, estudia\u00a0presuntas irregularidades en la concesi\u00f3n de las pensiones. Seg\u00fan ANDIS, entre el 30% y el 40% de los casos podr\u00edan resultar en la suspensi\u00f3n de los haberes otorgados.<\/p>\n","protected":false},"author":4,"featured_media":6539,"comment_status":"closed","ping_status":"closed","sticky":false,"template":"","format":"standard","meta":{"_monsterinsights_skip_tracking":false,"_monsterinsights_sitenote_active":false,"_monsterinsights_sitenote_note":"","_monsterinsights_sitenote_category":0,"footnotes":""},"categories":[4,5],"tags":[5623,6643,6644],"class_list":["post-15681","post","type-post","status-publish","format-standard","has-post-thumbnail","hentry","category-politica","category-sociedad","tag-andis","tag-asignaciones-por-incapacidad","tag-irregularidades-presuntas"],"_links":{"self":[{"href":"https:\/\/www.visionweb.com.ar\/index.php?rest_route=\/wp\/v2\/posts\/15681","targetHints":{"allow":["GET"]}}],"collection":[{"href":"https:\/\/www.visionweb.com.ar\/index.php?rest_route=\/wp\/v2\/posts"}],"about":[{"href":"https:\/\/www.visionweb.com.ar\/index.php?rest_route=\/wp\/v2\/types\/post"}],"author":[{"embeddable":true,"href":"https:\/\/www.visionweb.com.ar\/index.php?rest_route=\/wp\/v2\/users\/4"}],"replies":[{"embeddable":true,"href":"https:\/\/www.visionweb.com.ar\/index.php?rest_route=%2Fwp%2Fv2%2Fcomments&post=15681"}],"version-history":[{"count":1,"href":"https:\/\/www.visionweb.com.ar\/index.php?rest_route=\/wp\/v2\/posts\/15681\/revisions"}],"predecessor-version":[{"id":15682,"href":"https:\/\/www.visionweb.com.ar\/index.php?rest_route=\/wp\/v2\/posts\/15681\/revisions\/15682"}],"wp:featuredmedia":[{"embeddable":true,"href":"https:\/\/www.visionweb.com.ar\/index.php?rest_route=\/wp\/v2\/media\/6539"}],"wp:attachment":[{"href":"https:\/\/www.visionweb.com.ar\/index.php?rest_route=%2Fwp%2Fv2%2Fmedia&parent=15681"}],"wp:term":[{"taxonomy":"category","embeddable":true,"href":"https:\/\/www.visionweb.com.ar\/index.php?rest_route=%2Fwp%2Fv2%2Fcategories&post=15681"},{"taxonomy":"post_tag","embeddable":true,"href":"https:\/\/www.visionweb.com.ar\/index.php?rest_route=%2Fwp%2Fv2%2Ftags&post=15681"}],"curies":[{"name":"wp","href":"https:\/\/api.w.org\/{rel}","templated":true}]}}