{"id":15679,"date":"2024-09-03T17:30:32","date_gmt":"2024-09-03T20:30:32","guid":{"rendered":"https:\/\/www.visionweb.com.ar\/?p=15679"},"modified":"2024-09-03T17:30:32","modified_gmt":"2024-09-03T20:30:32","slug":"prepagas-el-gobierno-desregulo-tarifas-y-libero-aumentos","status":"publish","type":"post","link":"https:\/\/www.visionweb.com.ar\/?p=15679","title":{"rendered":"Prepagas: El Gobierno desregul\u00f3 tarifas y liber\u00f3 aumentos"},"content":{"rendered":"<p><em><strong>El objetivo es fomentar la competencia entre las prepagas: \u201cLa actualizaci\u00f3n de los precios de acuerdo al IPC permite que los aumentos de las prepagas se realicen teniendo en cuenta las \u201ccondiciones reales del mercado y a la econom\u00eda en general\u201d, explicaron. <\/strong><\/em><!--more--><\/p>\n<p><strong>\u00a0\u00a0\u00a0\u00a0 <img loading=\"lazy\" decoding=\"async\" class=\"size-medium wp-image-13555 alignright\" src=\"https:\/\/www.visionweb.com.ar\/wp-content\/uploads\/2024\/02\/osde-300x189.png\" alt=\"\" width=\"300\" height=\"189\" srcset=\"https:\/\/www.visionweb.com.ar\/wp-content\/uploads\/2024\/02\/osde-300x189.png 300w, https:\/\/www.visionweb.com.ar\/wp-content\/uploads\/2024\/02\/osde.png 544w\" sizes=\"auto, (max-width: 300px) 100vw, 300px\" \/>\u00a0\u00a0 E<\/strong>l<strong> gobierno nacional autoriz\u00f3 a las prepagas a\u00a0realizar aumentos diferenciales seg\u00fan las condiciones del plan o la regi\u00f3n en la que se ofrezcan,\u00a0<\/strong>tambi\u00e9n dispuso que deber\u00e1n informar las subas con un\u00a0plazo no mayor a 5 d\u00edas luego de la publicaci\u00f3n de la inflaci\u00f3n mensual,\u00a0y tendr\u00e1n que detallar los costos facturados a los usuarios.<\/p>\n<p><strong>La medida se public\u00f3 este martes a trav\u00e9s de la\u00a0Resoluci\u00f3n 2155\/2024\u00a0en el\u00a0Bolet\u00edn Oficial\u00a0<\/strong>y dispone que<strong>\u00a0los aumentos los planes de cobertura ofrecidos por las empresas de medicina prepaga\u00a0\u201cpueden aplicarse de manera variable\u00a0conforme las condiciones del plan (con o sin copagos) y las regiones o zonas en las que se brinda la atenci\u00f3n m\u00e9dico asistencial\u201d, <\/strong>seg\u00fan detalla el documento.<\/p>\n<p>Asimismo, la resoluci\u00f3n oficial tambi\u00e9n determina que<strong> las prepagas\u00a0\u201cdeber\u00e1n informar a la\u00a0<\/strong><strong><a href=\"https:\/\/www.argentina.gob.ar\/sssalud\">Superintendencia de Servicios de Salud<\/a><\/strong><strong>\u00a0sobre dichos aumentos, especificando los criterios utilizados para cada zona o regi\u00f3n, as\u00ed como la existencia o no de sistemas de copagos\u201d.<\/strong><\/p>\n<p>En relaci\u00f3n al plazo estipulado para comunicar los ajustes en el valor de las cuotas, la nueva normativa establece que<strong> las prepagas deber\u00e1n difundir sus nuevos cuadros tarifarios \u201cdentro de los 5 d\u00edas posteriores a la publicaci\u00f3n del \u00faltimo\u00a0\u00cdndice de Precios al Consumidor\u00a0(IPC)\u00a0que mensualmente realiza el Indec.<\/strong><\/p>\n<p>De esa manera, el\u00a0Gobierno\u00a0compromete a las empresas de medicina prepaga a proporcionar a sus afiliados el detalle de las cuotas que facturan mensualmente, puntualizando sobre el costo base del plan contratado, los costos adicionales por coberturas espec\u00edficas, los ajustes por edad o factores de riesgo, los aportes, cotizaciones y\/o c\u00e1pitas recibidos, como as\u00ed tambi\u00e9n impuestos y\/o tasas aplicables.<\/p>\n<p>Al respecto, la normativa precisa que\u00a0ese desglose deber\u00e1 presentarse de manera clara y comprensible, utilizando un\u00a0lenguaje sencillo y evitando tecnicismos. A su vez, la resoluci\u00f3n remarca que\u00a0\u201c<strong>cualquier cambio en los conceptos facturados deber\u00e1 ser notificado al afiliado con al menos de 30 d\u00edas de anticipaci\u00f3n, explicando las razones de dicha modificaci\u00f3n<\/strong>\u201d.<\/p>\n<p><strong>Prepagas: la posici\u00f3n del Gobierno en torno a la desregulaci\u00f3n de tarifas<\/strong><\/p>\n<p>En este aspecto, la decisi\u00f3n del\u00a0<strong>Gobierno nacional<\/strong>\u00a0se basa en que\u00a0el detalle en los conceptos facturados permitir\u00e1 a los usuarios\u00a0<strong>comparar de manera m\u00e1s efectiva las diferentes opciones disponibles en el mercado\u00a0de las prepagas<\/strong>, facilitando la elecci\u00f3n de los planes que mejor se ajusten a sus necesidades y presupuesto.<\/p>\n<p><img loading=\"lazy\" decoding=\"async\" class=\"size-medium wp-image-11668 alignleft\" src=\"https:\/\/www.visionweb.com.ar\/wp-content\/uploads\/2023\/09\/a-prepagas-300x141.png\" alt=\"\" width=\"300\" height=\"141\" srcset=\"https:\/\/www.visionweb.com.ar\/wp-content\/uploads\/2023\/09\/a-prepagas-300x141.png 300w, https:\/\/www.visionweb.com.ar\/wp-content\/uploads\/2023\/09\/a-prepagas.png 419w\" sizes=\"auto, (max-width: 300px) 100vw, 300px\" \/>El titular de la\u00a0<strong>Superintendencia de Servicios de Salud<\/strong>,\u00a0<strong>Gabriel Gonzalo Oriolo<\/strong>, subray\u00f3 que\u00a0\u201cel incumplimiento de estas disposiciones ser\u00e1 considerado una\u00a0infracci\u00f3n grave y estar\u00e1 sujeto a las sanciones\u00a0establecidas en la Ley N\u00b0 26.682\u201d\u00a0y especific\u00f3 que\u00a0comenzar\u00e1 a regir a partir del primer d\u00eda h\u00e1bil siguiente al de su publicaci\u00f3n.<\/p>\n<p>El documento oficial manifiesta que\u00a0la implementaci\u00f3n de estas medidas\u00a0fomentar\u00e1 la <strong>competencia entre las prepagas<\/strong>, beneficiando a los usuarios del sistema y asegurando que los ajustes tarifarios sean comprendidos y aceptados de manera equitativa.<\/p>\n<p>En concreto, la\u00a0<strong>administraci\u00f3n nacional<\/strong>\u00a0sostuvo que la actualizaci\u00f3n de los precios de acuerdo al IPC permite que los aumentos de las prepagas se realicen teniendo en cuenta las \u201ccondiciones reales del mercado y a la econom\u00eda en general\u201d manteniendo un equilibrio entre la sostenibilidad financiera\u00a0y la capacidad de pago de los usuarios.\u00a0<strong>(VW)<\/strong><\/p>\n","protected":false},"excerpt":{"rendered":"<p>El objetivo es fomentar la competencia entre las prepagas: \u201cLa actualizaci\u00f3n de los precios de acuerdo al IPC permite que los aumentos de las prepagas se realicen teniendo en cuenta las \u201ccondiciones reales del&#46;&#46;&#46;<\/p>\n","protected":false},"author":4,"featured_media":13555,"comment_status":"closed","ping_status":"closed","sticky":false,"template":"","format":"standard","meta":{"_monsterinsights_skip_tracking":false,"_monsterinsights_sitenote_active":false,"_monsterinsights_sitenote_note":"","_monsterinsights_sitenote_category":0,"footnotes":""},"categories":[6,4],"tags":[6641,3283,6642],"class_list":["post-15679","post","type-post","status-publish","format-standard","has-post-thumbnail","hentry","category-economia","category-politica","tag-gobierno-libero-aumentos","tag-prepagas","tag-resolucion-2155"],"_links":{"self":[{"href":"https:\/\/www.visionweb.com.ar\/index.php?rest_route=\/wp\/v2\/posts\/15679","targetHints":{"allow":["GET"]}}],"collection":[{"href":"https:\/\/www.visionweb.com.ar\/index.php?rest_route=\/wp\/v2\/posts"}],"about":[{"href":"https:\/\/www.visionweb.com.ar\/index.php?rest_route=\/wp\/v2\/types\/post"}],"author":[{"embeddable":true,"href":"https:\/\/www.visionweb.com.ar\/index.php?rest_route=\/wp\/v2\/users\/4"}],"replies":[{"embeddable":true,"href":"https:\/\/www.visionweb.com.ar\/index.php?rest_route=%2Fwp%2Fv2%2Fcomments&post=15679"}],"version-history":[{"count":1,"href":"https:\/\/www.visionweb.com.ar\/index.php?rest_route=\/wp\/v2\/posts\/15679\/revisions"}],"predecessor-version":[{"id":15680,"href":"https:\/\/www.visionweb.com.ar\/index.php?rest_route=\/wp\/v2\/posts\/15679\/revisions\/15680"}],"wp:featuredmedia":[{"embeddable":true,"href":"https:\/\/www.visionweb.com.ar\/index.php?rest_route=\/wp\/v2\/media\/13555"}],"wp:attachment":[{"href":"https:\/\/www.visionweb.com.ar\/index.php?rest_route=%2Fwp%2Fv2%2Fmedia&parent=15679"}],"wp:term":[{"taxonomy":"category","embeddable":true,"href":"https:\/\/www.visionweb.com.ar\/index.php?rest_route=%2Fwp%2Fv2%2Fcategories&post=15679"},{"taxonomy":"post_tag","embeddable":true,"href":"https:\/\/www.visionweb.com.ar\/index.php?rest_route=%2Fwp%2Fv2%2Ftags&post=15679"}],"curies":[{"name":"wp","href":"https:\/\/api.w.org\/{rel}","templated":true}]}}