{"id":15677,"date":"2024-09-03T16:56:28","date_gmt":"2024-09-03T19:56:28","guid":{"rendered":"https:\/\/www.visionweb.com.ar\/?p=15677"},"modified":"2024-09-03T16:56:28","modified_gmt":"2024-09-03T19:56:28","slug":"intendentes-de-la-quinta-seccion-cuestionaron-los-numeros-del-indec-no-refleja-la-realidad","status":"publish","type":"post","link":"https:\/\/www.visionweb.com.ar\/?p=15677","title":{"rendered":"Intendentes de la quinta secci\u00f3n cuestionaron los n\u00fameros del INDEC: \u201cNo refleja la realidad\u201d"},"content":{"rendered":"<p><em><strong>\u201cCreemos que la\u00a0inflaci\u00f3n\u00a0ha profundizado mucho m\u00e1s la brecha, algo que nos lleva a descreer en los resultados arrojados por el\u00a0INDEC\u201d, afirmaron los jefes comunales de UxP.<\/strong><\/em><!--more--><\/p>\n<p><strong>\u00a0 <img loading=\"lazy\" decoding=\"async\" class=\"size-full wp-image-10503 alignright\" src=\"https:\/\/www.visionweb.com.ar\/wp-content\/uploads\/2023\/05\/Indec.png\" alt=\"\" width=\"300\" height=\"168\" \/>\u00a0\u00a0\u00a0\u00a0\u00a0 L<\/strong>os\u00a0<strong>intendentes bonaerenses de Uni\u00f3n por la Patria de la Quinta secci\u00f3n electoral<\/strong>\u00a0salieron a cuestionar a las autoridades del Instituto Nacional de Estad\u00edstica y Censos (<strong><a href=\"https:\/\/www.indec.gob.ar\/\">INDEC<\/a><\/strong>), al afirmar que los resultados oficiales de\u00a0<strong>inflaci\u00f3n<\/strong>\u00a0\u201cno reflejan la realidad de lo que se vive a diario\u201d en sus municipios.<\/p>\n<p>A trav\u00e9s de un comunicado, los jefes comunales de Villa Gesell,\u00a0<strong>Gustavo Barrera<\/strong>; de Chascom\u00fas,\u00a0<strong>Javier Gast\u00f3n<\/strong>; de General Alvarado,\u00a0<strong>Sebasti\u00e1n Ianantuony<\/strong>; de Pila,\u00a0<strong>Juan Pablo Garc\u00eda<\/strong>; y de General Guido,\u00a0<strong>Carlos Rocha<\/strong>, remarcaron que el aumento del costo de vida registrado en las \u00faltimas semanas <strong>los \u201clleva a descreer\u201d de los resultados del \u00cdndice<\/strong> de Precios al Consumidor (IPC) arrojados por el\u00a0<strong>INDEC<\/strong>.<\/p>\n<p>\u201cLos\u00a0<strong>intendentes de UxP de la Quinta secci\u00f3n<\/strong>\u00a0vemos con extrema preocupaci\u00f3n el incremento en el costo esencial de vida de nuestros conciudadanos y el estancamiento del poder adquisitivo. Creemos que la\u00a0<strong>inflaci\u00f3n<\/strong>\u00a0ha profundizado mucho m\u00e1s esa brecha, algo que nos lleva a descreer en los resultados arrojados por el\u00a0<strong>INDEC<\/strong>\u201d, afirmaron los jefes comunales.<\/p>\n<p>En ese sentido, los\u00a0<strong>intendentes de Uni\u00f3n por la Patria<\/strong>\u00a0cuestionaron \u201cla <strong>baja ponderaci\u00f3n<\/strong>\u201d que el instituto nacional presidido por\u00a0<strong>Marco Lavagna<\/strong>\u00a0le tiene los <strong>servicios de electricidad y gas para calcular el \u00edndice de\u00a0inflaci\u00f3n<\/strong>. \u201cLas estad\u00edsticas no reflejan la realidad de lo que se vive a diario\u201d, a\u00f1adieron.<\/p>\n<p>\u201cComo representantes de comunidades del interior bonaerense podemos asegurar que el \u2018<strong>INDEC del Vecino<\/strong>\u2019 dice otra cosa. Y eso lo sabemos bien, porque lo medimos a diario. Sin formulas rebuscadas, ni a trav\u00e9s de ning\u00fan especialista recibido en alguna universidad privada.<\/p>\n<p>Con relaci\u00f3n a esto, los alcaldes manifestaron que los vecinos de sus distritos les hicieron llegar la preocupaci\u00f3n de \u201clo cuesta arriba que se les pone llegar a fin de mes\u201d. \u201cAsalariados que ven como su dinero se les esfuma durante los primeros d\u00edas del mes y luego deben recurrir a f\u00f3rmulas para poder alimentar o dar acceso a la educaci\u00f3n a sus familias\u201d, indicaron.<\/p>\n<p>Asimismo, los<strong>\u00a0jefes comunales del sudeste bonaerense<\/strong>\u00a0remarcaron que el \u201cimparable crecimiento en los costos afecta (en forma severa) a comerciantes y peque\u00f1os empresarios\u201d, lo cual, a\u00f1adieron, que <strong>les lleva a evaluar medidas como reducci\u00f3n del personal, recortes y hasta cierres<\/strong>.<\/p>\n<p>\u201c<strong>Este grupo de intendentes no solo pide que no se le miente m\u00e1s a nuestro pueblo, con estad\u00edsticas que no reflejan la realidad que se vive a diario<\/strong>; sino que, sobre todo, solicita al Gobierno nacional que frene este ajuste desmedido que est\u00e1 generando una desangrada p\u00e9rdida en el poder adquisitivo\u201d, concluyeron los dirigentes regionales.<\/p>\n<p>A la espera del \u00edndice de\u00a0<strong>inflaci\u00f3n\u00a0<\/strong>de agosto, que se conocer\u00e1 el 11 de septiembre, el\u00a0<strong>INDEC<\/strong>\u00a0precis\u00f3 que el<strong>\u00a0\u00cdndice de Precios al Consumidor<\/strong>\u00a0de julio, con una desaceleraci\u00f3n que arroj\u00f3 un 4 %, fue la cifra m\u00e1s baja desde principios de 2022. En tanto, el acumulado de los primeros siete meses del a\u00f1o alcanz\u00f3 el 87%. <strong>(VW)\u00a0 <\/strong><\/p>\n","protected":false},"excerpt":{"rendered":"<p>\u201cCreemos que la\u00a0inflaci\u00f3n\u00a0ha profundizado mucho m\u00e1s la brecha, algo que nos lleva a descreer en los resultados arrojados por el\u00a0INDEC\u201d, afirmaron los jefes comunales de UxP.<\/p>\n","protected":false},"author":4,"featured_media":10503,"comment_status":"closed","ping_status":"closed","sticky":false,"template":"","format":"standard","meta":{"_monsterinsights_skip_tracking":false,"_monsterinsights_sitenote_active":false,"_monsterinsights_sitenote_note":"","_monsterinsights_sitenote_category":0,"footnotes":""},"categories":[6,4],"tags":[6640,6639,5089],"class_list":["post-15677","post","type-post","status-publish","format-standard","has-post-thumbnail","hentry","category-economia","category-politica","tag-cuestionamiento-a-mediciones-del-indec","tag-intendentes-quinta-seccion","tag-uxp"],"_links":{"self":[{"href":"https:\/\/www.visionweb.com.ar\/index.php?rest_route=\/wp\/v2\/posts\/15677","targetHints":{"allow":["GET"]}}],"collection":[{"href":"https:\/\/www.visionweb.com.ar\/index.php?rest_route=\/wp\/v2\/posts"}],"about":[{"href":"https:\/\/www.visionweb.com.ar\/index.php?rest_route=\/wp\/v2\/types\/post"}],"author":[{"embeddable":true,"href":"https:\/\/www.visionweb.com.ar\/index.php?rest_route=\/wp\/v2\/users\/4"}],"replies":[{"embeddable":true,"href":"https:\/\/www.visionweb.com.ar\/index.php?rest_route=%2Fwp%2Fv2%2Fcomments&post=15677"}],"version-history":[{"count":1,"href":"https:\/\/www.visionweb.com.ar\/index.php?rest_route=\/wp\/v2\/posts\/15677\/revisions"}],"predecessor-version":[{"id":15678,"href":"https:\/\/www.visionweb.com.ar\/index.php?rest_route=\/wp\/v2\/posts\/15677\/revisions\/15678"}],"wp:featuredmedia":[{"embeddable":true,"href":"https:\/\/www.visionweb.com.ar\/index.php?rest_route=\/wp\/v2\/media\/10503"}],"wp:attachment":[{"href":"https:\/\/www.visionweb.com.ar\/index.php?rest_route=%2Fwp%2Fv2%2Fmedia&parent=15677"}],"wp:term":[{"taxonomy":"category","embeddable":true,"href":"https:\/\/www.visionweb.com.ar\/index.php?rest_route=%2Fwp%2Fv2%2Fcategories&post=15677"},{"taxonomy":"post_tag","embeddable":true,"href":"https:\/\/www.visionweb.com.ar\/index.php?rest_route=%2Fwp%2Fv2%2Ftags&post=15677"}],"curies":[{"name":"wp","href":"https:\/\/api.w.org\/{rel}","templated":true}]}}