{"id":15674,"date":"2024-09-03T16:31:30","date_gmt":"2024-09-03T19:31:30","guid":{"rendered":"https:\/\/www.visionweb.com.ar\/?p=15674"},"modified":"2024-09-03T16:31:30","modified_gmt":"2024-09-03T19:31:30","slug":"acceso-a-la-informacion-publica-adepa-cuestiono-las-modificaciones-a-la-ley-que-hizo-milei","status":"publish","type":"post","link":"https:\/\/www.visionweb.com.ar\/?p=15674","title":{"rendered":"Acceso a la Informaci\u00f3n P\u00fablica: Adepa cuestion\u00f3 las modificaciones a la ley que hizo Milei"},"content":{"rendered":"<p><em><strong>La Asociaci\u00f3n de Entidades Period\u00edsticas Argentinas manifest\u00f3 su preocupaci\u00f3n por el decreto 780\/2024, que modifica la Ley de Acceso a la Informaci\u00f3n P\u00fablica. Advirti\u00f3 que puede afectar estandares constitucionales.<\/strong><\/em><!--more--><\/p>\n<p><strong> <img loading=\"lazy\" decoding=\"async\" class=\"size-medium wp-image-13216 alignright\" src=\"https:\/\/www.visionweb.com.ar\/wp-content\/uploads\/2024\/01\/Milei-Javier-300x206.png\" alt=\"\" width=\"300\" height=\"206\" srcset=\"https:\/\/www.visionweb.com.ar\/wp-content\/uploads\/2024\/01\/Milei-Javier-300x206.png 300w, https:\/\/www.visionweb.com.ar\/wp-content\/uploads\/2024\/01\/Milei-Javier.png 502w\" sizes=\"auto, (max-width: 300px) 100vw, 300px\" \/>\u00a0\u00a0\u00a0 L<\/strong>a\u00a0<strong>Asociaci\u00f3n de Entidades Period\u00edsticas Argentinas (ADEPA) <\/strong>manifest\u00f3 su preocupaci\u00f3n por la publicaci\u00f3n del\u00a0<strong>decreto 780\/2024\u00a0<\/strong>del Poder Ejecutivo de la Naci\u00f3n, por el que se modific\u00f3 la reglamentaci\u00f3n de la Ley 27.275, de 2016, conocida como\u00a0<strong>Ley de Acceso a la Informaci\u00f3n P\u00fablica<\/strong>.<\/p>\n<p>Por esa inesperada medida,\u00a0<strong>el Gobierno nacional ha incorporado a la reglamentaci\u00f3n de la Ley 27.275 excepciones que, por su amplitud y vaguedad, podr\u00edan habilitar a los funcionarios a incumplir su obligaci\u00f3n de permitir el acceso a la informaci\u00f3n p\u00fablica<\/strong>\u00a0bajo el pretexto de gen\u00e9ricos \u201cda\u00f1os y perjuicios\u201d o con fundamento en un supuesto \u201cinter\u00e9s p\u00fablico\u201d.<\/p>\n<p><strong>Adepa consider\u00f3 que esas restricciones podr\u00edan afectar tanto el respeto de los principios receptados por la ley, como los est\u00e1ndares constitucionales<\/strong>\u00a0<strong>e internacionales<\/strong> en esta materia.<\/p>\n<p>Algunos de los cambios ahora introducidos, al permitir m\u00faltiples lecturas,<strong>\u00a0podr\u00edan ocasionar aplicaciones restrictivas <\/strong>y claramente incompatibles con el texto legal, con los <strong>principios constitucionales y con los tratados internacionales que imponen el acceso irrestricto a toda informaci\u00f3n que se vincule con el desempe\u00f1o de los funcionarios p\u00fablicos<\/strong> y el uso del erario.<\/p>\n<p>Debe el Gobierno recordar que entre los\u00a0<strong>principios consagrados en el art\u00edculo 1\u00b0 de la Ley de Acceso a la Informaci\u00f3n<\/strong>, y que se encuentran fuera del alcance de la competencia regulatoria del Poder Ejecutivo, figuran los de \u201cpresunci\u00f3n de publicidad\u201d, \u201cm\u00e1xima divulgaci\u00f3n\u201d, \u201cm\u00e1ximo acceso\u201d, \u201calcance limitado de las excepciones\u201d e \u201c<em>in dubio pro petitor<\/em>\u201d (\u201cante la duda, a favor del peticionante\u201d).<\/p>\n<p><strong>Nuevos t\u00e9rminos del decreto que modifica la Ley de Acceso a la Informaci\u00f3n P\u00fablica<\/strong><\/p>\n<p>Uno de los cambios m\u00e1s preocupantes que trae el nuevo decreto es el alcance de las definiciones de informaci\u00f3n p\u00fablica y documento, establecidos en el art\u00edculo 3\u00ba del texto original.\u00a0<strong>El Gobierno establece que \u201cno se entender\u00e1 como informaci\u00f3n p\u00fablica a aquella que contenga datos de naturaleza privada que fueran generados, obtenidos, transformados, controlados o custodiados por personas humanas o jur\u00eddicas privadas o por la ausencia de un inter\u00e9s p\u00fablico comprometido, ajenos a la gesti\u00f3n de los sujetos obligados enumerados en el art\u00edculo 7\u00b0 de la Ley N\u00b0 27.275 y su modificatoria\u201d<\/strong>.<\/p>\n<p>Cabe mencionar, que la definici\u00f3n original de esa Ley prescrib\u00eda que informaci\u00f3n p\u00fablica es \u201ctodo tipo de dato contenido en documentos de cualquier formato que los sujetos obligados enumerados en el art\u00edculo 7\u00b0 de la presente ley generen, obtengan, transformen, controlen o custodien\u201d.<\/p>\n<p><img loading=\"lazy\" decoding=\"async\" class=\"size-medium wp-image-15675 alignleft\" src=\"https:\/\/www.visionweb.com.ar\/wp-content\/uploads\/2024\/09\/Adepa-300x182.png\" alt=\"\" width=\"300\" height=\"182\" srcset=\"https:\/\/www.visionweb.com.ar\/wp-content\/uploads\/2024\/09\/Adepa-300x182.png 300w, https:\/\/www.visionweb.com.ar\/wp-content\/uploads\/2024\/09\/Adepa.png 581w\" sizes=\"auto, (max-width: 300px) 100vw, 300px\" \/>En esa l\u00ednea, Adepa<strong>\u00a0<\/strong>entiende que si bien los funcionarios p\u00fablicos tienen derecho a la privacidad y que en todo gobierno democr\u00e1tico pueden existir aspectos muy espec\u00edficos que deban permanecer temporalmente fuera del conocimiento p\u00fablico,\u00a0<strong>se trata de casos excepcionales<\/strong>, a los que s\u00f3lo puede llegarse luego de acreditar la necesidad inaplazable de impedir que la ciudadan\u00eda conozca acabadamente la actividad de sus mandatarios.<\/p>\n<p>El secreto es, en ocasiones, un remedio inevitable para el sostenimiento de un r\u00e9gimen democr\u00e1tico.<strong>\u00a0Su extensi\u00f3n m\u00e1s all\u00e1 de lo excepcionalmente necesario precipita a una pendiente que imposibilita hacer efectiva la responsabilidad p\u00fablica de las autoridades<\/strong>. Y es una manera de socavar las bases republicanas del pa\u00eds.<\/p>\n<p>Tambi\u00e9n se elabora en la nueva reglamentaci\u00f3n una curiosa interpretaci\u00f3n del t\u00e9rmino\u00a0<strong>\u201cdocumento\u201d<\/strong>, al se\u00f1alarse que \u201clas deliberaciones preparatorias y papeles de trabajo, o el examen preliminar de un asunto, no ser\u00e1n considerados documentos de car\u00e1cter p\u00fablico\u201d.\u00a0<strong>El art\u00edculo 8 inc. g) de la Ley 27.275 ya except\u00faa este tipo de documentos<\/strong>\u00a0cuando puedan afectar el derecho de defensa de la Administraci\u00f3n P\u00fablica; llevar m\u00e1s lejos la excepci\u00f3n no ser\u00eda admisible por decreto.<\/p>\n<p>Al igual que ocurre con las restantes definiciones incorporadas por el\u00a0<strong>Decreto 780\/2024<\/strong>, la amplitud de los t\u00e9rminos utilizados permitir\u00eda excluir del \u00e1mbito de aplicaci\u00f3n de la\u00a0<strong>Ley 27.275<\/strong>\u00a0una gran cantidad de actuaciones naturalmente p\u00fablicas.\u00a0<strong>La vaguedad y sobre inclusi\u00f3n constituyen un problema especialmente delicado cuando se trata de regular las libertades de expresi\u00f3n y de prensa<\/strong>.<\/p>\n<p>Este tipo de reglamentaciones aplicadas con prescindencia de los principios consagrados en la Ley 27.275, en especial \u201cpresunci\u00f3n de publicidad\u201d, \u201cm\u00e1xima divulgaci\u00f3n\u201d y \u201cm\u00e1ximo acceso\u201d,\u00a0<strong>dar\u00edan lugar a conductas cuestionables por parte de los funcionarios, al tiempo que conducir\u00edan a un empobrecimiento del debate p\u00fablico como insumo esencial del sistema democr\u00e1tico<\/strong>.<\/p>\n<p><strong>Adepa considera necesario que el Poder Ejecutivo revise este tipo de reglamentaciones<\/strong>\u00a0que desnaturalizan lo preceptuado por la ley, la Constituci\u00f3n y los est\u00e1ndares interamericanos de derechos humanos. <strong>(VW)<\/strong><\/p>\n","protected":false},"excerpt":{"rendered":"<p>La Asociaci\u00f3n de Entidades Period\u00edsticas Argentinas manifest\u00f3 su preocupaci\u00f3n por el decreto 780\/2024, que modifica la Ley de Acceso a la Informaci\u00f3n P\u00fablica. Advirti\u00f3 que puede afectar estandares constitucionales.<\/p>\n","protected":false},"author":4,"featured_media":13216,"comment_status":"closed","ping_status":"closed","sticky":false,"template":"","format":"standard","meta":{"_monsterinsights_skip_tracking":false,"_monsterinsights_sitenote_active":false,"_monsterinsights_sitenote_note":"","_monsterinsights_sitenote_category":0,"footnotes":""},"categories":[4],"tags":[6637,3170,6638],"class_list":["post-15674","post","type-post","status-publish","format-standard","has-post-thumbnail","hentry","category-politica","tag-acceso-a-la-informacion-publica","tag-adepa","tag-decreto-milei"],"_links":{"self":[{"href":"https:\/\/www.visionweb.com.ar\/index.php?rest_route=\/wp\/v2\/posts\/15674","targetHints":{"allow":["GET"]}}],"collection":[{"href":"https:\/\/www.visionweb.com.ar\/index.php?rest_route=\/wp\/v2\/posts"}],"about":[{"href":"https:\/\/www.visionweb.com.ar\/index.php?rest_route=\/wp\/v2\/types\/post"}],"author":[{"embeddable":true,"href":"https:\/\/www.visionweb.com.ar\/index.php?rest_route=\/wp\/v2\/users\/4"}],"replies":[{"embeddable":true,"href":"https:\/\/www.visionweb.com.ar\/index.php?rest_route=%2Fwp%2Fv2%2Fcomments&post=15674"}],"version-history":[{"count":1,"href":"https:\/\/www.visionweb.com.ar\/index.php?rest_route=\/wp\/v2\/posts\/15674\/revisions"}],"predecessor-version":[{"id":15676,"href":"https:\/\/www.visionweb.com.ar\/index.php?rest_route=\/wp\/v2\/posts\/15674\/revisions\/15676"}],"wp:featuredmedia":[{"embeddable":true,"href":"https:\/\/www.visionweb.com.ar\/index.php?rest_route=\/wp\/v2\/media\/13216"}],"wp:attachment":[{"href":"https:\/\/www.visionweb.com.ar\/index.php?rest_route=%2Fwp%2Fv2%2Fmedia&parent=15674"}],"wp:term":[{"taxonomy":"category","embeddable":true,"href":"https:\/\/www.visionweb.com.ar\/index.php?rest_route=%2Fwp%2Fv2%2Fcategories&post=15674"},{"taxonomy":"post_tag","embeddable":true,"href":"https:\/\/www.visionweb.com.ar\/index.php?rest_route=%2Fwp%2Fv2%2Ftags&post=15674"}],"curies":[{"name":"wp","href":"https:\/\/api.w.org\/{rel}","templated":true}]}}