{"id":15672,"date":"2024-09-03T11:15:46","date_gmt":"2024-09-03T14:15:46","guid":{"rendered":"https:\/\/www.visionweb.com.ar\/?p=15672"},"modified":"2024-09-03T11:15:46","modified_gmt":"2024-09-03T14:15:46","slug":"sindicato-del-neumatico-convocan-a-una-movilizacion-a-la-plata","status":"publish","type":"post","link":"https:\/\/www.visionweb.com.ar\/?p=15672","title":{"rendered":"Sindicato del neum\u00e1tico: Convocan a una movilizaci\u00f3n a La Plata"},"content":{"rendered":"<p><em><strong>El\u00a0Sindicato \u00danico de Trabajadores del Neum\u00e1tico Argentino (SUTNA) tuvo ayer una nueva audiencia en la sede de Banfield del Ministerio de Trabajo de la provincia de Buenos Aires.<\/strong><\/em><!--more--><\/p>\n<p><img loading=\"lazy\" decoding=\"async\" class=\"size-medium wp-image-15522 alignright\" src=\"https:\/\/www.visionweb.com.ar\/wp-content\/uploads\/2024\/08\/brigtone-sutna-300x200.png\" alt=\"\" width=\"300\" height=\"200\" srcset=\"https:\/\/www.visionweb.com.ar\/wp-content\/uploads\/2024\/08\/brigtone-sutna-300x200.png 300w, https:\/\/www.visionweb.com.ar\/wp-content\/uploads\/2024\/08\/brigtone-sutna.png 580w\" sizes=\"auto, (max-width: 300px) 100vw, 300px\" \/>El Sindicato \u00danico de Trabajadores del Neum\u00e1tico Argentino (SUTNA) tuvo ayer una nueva audiencia en la sede de Banfield del Ministerio de Trabajo de la provincia de Buenos Aires por la conciliaci\u00f3n obligatoria. Crece el malestar y convocan a movilizar a La Plata.<\/p>\n<p>\u201cCuando llegamos a manifestar nos encontramos con un operativo policial mas grande que el que nos hab\u00eda recibido en la anterior audiencia\u201d, advirti\u00f3 Alejandro Crespo, en torno a la protesta que se realiz\u00f3 ayer en Banfield.<\/p>\n<p>Calific\u00f3 como una \u201cprovocaci\u00f3n\u201d el nutrido operativo de seguridad instalado en inmediaciones de la sede banfile\u00f1a de la cartera bonaerense, mientras que el SUTNA est\u00e1 \u201cpeleando contra los despidos y luchando por las condiciones laborales\u201c, adem\u00e1s de la defensa del poder adquisitivo de los trabajadores. \u201cNo puede ser que la respuesta sea amenazarnos con la represi\u00f3n\u201d, apunt\u00f3.<\/p>\n<p>As\u00ed, Crespo convoc\u00f3 a los trabajadores del neum\u00e1tico y de otros sectores a movilizar el pr\u00f3ximo jueves, a las 15, frente a la Casa de Gobierno de la provincia de Buenos Aires en La Plata. La concentraci\u00f3n ser\u00e1 en Calle 6 al 1900 (entre avenida 51 y 53).<strong>(VW)<\/strong><\/p>\n","protected":false},"excerpt":{"rendered":"<p>El\u00a0Sindicato \u00danico de Trabajadores del Neum\u00e1tico Argentino (SUTNA) tuvo ayer una nueva audiencia en la sede de Banfield del Ministerio de Trabajo de la provincia de Buenos Aires.<\/p>\n","protected":false},"author":3,"featured_media":15522,"comment_status":"closed","ping_status":"closed","sticky":false,"template":"","format":"standard","meta":{"_monsterinsights_skip_tracking":false,"_monsterinsights_sitenote_active":false,"_monsterinsights_sitenote_note":"","_monsterinsights_sitenote_category":0,"footnotes":""},"categories":[4],"tags":[],"class_list":["post-15672","post","type-post","status-publish","format-standard","has-post-thumbnail","hentry","category-politica"],"_links":{"self":[{"href":"https:\/\/www.visionweb.com.ar\/index.php?rest_route=\/wp\/v2\/posts\/15672","targetHints":{"allow":["GET"]}}],"collection":[{"href":"https:\/\/www.visionweb.com.ar\/index.php?rest_route=\/wp\/v2\/posts"}],"about":[{"href":"https:\/\/www.visionweb.com.ar\/index.php?rest_route=\/wp\/v2\/types\/post"}],"author":[{"embeddable":true,"href":"https:\/\/www.visionweb.com.ar\/index.php?rest_route=\/wp\/v2\/users\/3"}],"replies":[{"embeddable":true,"href":"https:\/\/www.visionweb.com.ar\/index.php?rest_route=%2Fwp%2Fv2%2Fcomments&post=15672"}],"version-history":[{"count":1,"href":"https:\/\/www.visionweb.com.ar\/index.php?rest_route=\/wp\/v2\/posts\/15672\/revisions"}],"predecessor-version":[{"id":15673,"href":"https:\/\/www.visionweb.com.ar\/index.php?rest_route=\/wp\/v2\/posts\/15672\/revisions\/15673"}],"wp:featuredmedia":[{"embeddable":true,"href":"https:\/\/www.visionweb.com.ar\/index.php?rest_route=\/wp\/v2\/media\/15522"}],"wp:attachment":[{"href":"https:\/\/www.visionweb.com.ar\/index.php?rest_route=%2Fwp%2Fv2%2Fmedia&parent=15672"}],"wp:term":[{"taxonomy":"category","embeddable":true,"href":"https:\/\/www.visionweb.com.ar\/index.php?rest_route=%2Fwp%2Fv2%2Fcategories&post=15672"},{"taxonomy":"post_tag","embeddable":true,"href":"https:\/\/www.visionweb.com.ar\/index.php?rest_route=%2Fwp%2Fv2%2Ftags&post=15672"}],"curies":[{"name":"wp","href":"https:\/\/api.w.org\/{rel}","templated":true}]}}