{"id":15665,"date":"2024-09-02T13:49:18","date_gmt":"2024-09-02T16:49:18","guid":{"rendered":"https:\/\/www.visionweb.com.ar\/?p=15665"},"modified":"2024-09-02T13:49:18","modified_gmt":"2024-09-02T16:49:18","slug":"argentina-registra-una-contundente-caida-en-las-radicaciones-de-extranjeros","status":"publish","type":"post","link":"https:\/\/www.visionweb.com.ar\/?p=15665","title":{"rendered":"Argentina registra una contundente ca\u00edda en las radicaciones de extranjeros"},"content":{"rendered":"<p><strong><em>Seg\u00fan el registro de Migraciones, en lo que va de 2024, hubo un 16% menos de radicaciones de extranjeros en el pa\u00eds, en comparaci\u00f3n con el mismo per\u00edodo del a\u00f1o anterior.<\/em><\/strong><!--more--><\/p>\n<p><strong>\u00a0\u00a0\u00a0 <img loading=\"lazy\" decoding=\"async\" class=\"size-medium wp-image-15666 alignright\" src=\"https:\/\/www.visionweb.com.ar\/wp-content\/uploads\/2024\/09\/migraciones-300x167.png\" alt=\"\" width=\"300\" height=\"167\" srcset=\"https:\/\/www.visionweb.com.ar\/wp-content\/uploads\/2024\/09\/migraciones-300x167.png 300w, https:\/\/www.visionweb.com.ar\/wp-content\/uploads\/2024\/09\/migraciones.png 604w\" sizes=\"auto, (max-width: 300px) 100vw, 300px\" \/>\u00a0\u00a0 A<\/strong>rgentina registra una fuerte ca\u00edda en las radicaciones de extranjeros, conforme a datos de Migraciones, ya que en los primeros siete meses de 2024, seg\u00fan los registros del organismo, hubo un 16% menos de radicaciones, en comparaci\u00f3n con el mismo per\u00edodo del a\u00f1o anterior.<\/p>\n<p>Los datos certeros muestran que, entre enero y julio se otorgaron en total 82.400 radicaciones temporarias y permanentes, casi 16.000 menos (15.991 para ser exactos) que las 98.391 concedidas en esos meses en 2023, inform\u00f3 Agencia DIB.<\/p>\n<p>La informaci\u00f3n fue publicada por el portal nacional <strong>Infobae<\/strong> y se desprende de la respuesta de la <strong>Direcci\u00f3n Nacional de Migraciones (DNM)<\/strong> a un pedido de <strong>Acceso a la Informaci\u00f3n P\u00fablica<\/strong>.<\/p>\n<p>Las radicaciones temporarias, que se otorgan por primera vez a los ciudadanos de otros pa\u00edses al ingresar a Argentina son las que experimentaron la ca\u00edda m\u00e1s marcada con un 25%. Mientras que el a\u00f1o pasado se registraron 58.226 permisos de este tipo entre enero y julio, durante este a\u00f1o solo se concedieron 43.668 en el mismo per\u00edodo, es decir, 14.558 permisos temporales menos.<\/p>\n<p>En cambio, las permanentes tuvieron un descenso menor: 3,5%. El a\u00f1o pasado se otorgaron 40.165 en los primeros siete meses del a\u00f1o, y en lo que va de 2024, 38.732, o sea 1.433 menos.<\/p>\n<p>Estos datos revelan que menos extranjeros logran establecerse por primera vez en Argentina, lo que podr\u00eda deberse a la actual situaci\u00f3n econ\u00f3mica y\/o social, que hace al pa\u00eds menos atractivo para los migrantes.<\/p>\n<p>En lo que va de a\u00f1o, las radicaciones otorgadas fueron principalmente para personas provenientes de Bolivia: 15.728 permisos (19,1% del total de residencias aceptadas). Le sigue Paraguay con 15.365 (18,6%) y, en tercer lugar, Venezuela con 14.496 (17,6%). En el cuarto y quinto puesto se encuentran Ecuador y Per\u00fa, ambos con casi 7.000 permisos aceptados (el 8% cada uno).<\/p>\n<p>Pero al comparar entre los dos tipos de radicaciones, el ranking se invierte: entre las radicaciones permanentes concedidas a ciudadanos que deciden permanecer m\u00e1s de dos a\u00f1os en el pa\u00eds, la nacionalidad con m\u00e1s renovaci\u00f3n de permisos definitivos es la venezolana (21% de ellos), seguida de la paraguaya (19%) y, por \u00faltimo, la boliviana (16%). <strong>(VW)<\/strong><\/p>\n<p>&nbsp;<\/p>\n","protected":false},"excerpt":{"rendered":"<p>Seg\u00fan el registro de Migraciones, en lo que va de 2024, hubo un 16% menos de radicaciones de extranjeros en el pa\u00eds, en comparaci\u00f3n con el mismo per\u00edodo del a\u00f1o anterior.<\/p>\n","protected":false},"author":4,"featured_media":15666,"comment_status":"closed","ping_status":"closed","sticky":false,"template":"","format":"standard","meta":{"_monsterinsights_skip_tracking":false,"_monsterinsights_sitenote_active":false,"_monsterinsights_sitenote_note":"","_monsterinsights_sitenote_category":0,"footnotes":""},"categories":[8,5],"tags":[6635,514],"class_list":["post-15665","post","type-post","status-publish","format-standard","has-post-thumbnail","hentry","category-interes-general","category-sociedad","tag-menos-radicaciones-de-extranjeros","tag-migraciones"],"_links":{"self":[{"href":"https:\/\/www.visionweb.com.ar\/index.php?rest_route=\/wp\/v2\/posts\/15665","targetHints":{"allow":["GET"]}}],"collection":[{"href":"https:\/\/www.visionweb.com.ar\/index.php?rest_route=\/wp\/v2\/posts"}],"about":[{"href":"https:\/\/www.visionweb.com.ar\/index.php?rest_route=\/wp\/v2\/types\/post"}],"author":[{"embeddable":true,"href":"https:\/\/www.visionweb.com.ar\/index.php?rest_route=\/wp\/v2\/users\/4"}],"replies":[{"embeddable":true,"href":"https:\/\/www.visionweb.com.ar\/index.php?rest_route=%2Fwp%2Fv2%2Fcomments&post=15665"}],"version-history":[{"count":1,"href":"https:\/\/www.visionweb.com.ar\/index.php?rest_route=\/wp\/v2\/posts\/15665\/revisions"}],"predecessor-version":[{"id":15667,"href":"https:\/\/www.visionweb.com.ar\/index.php?rest_route=\/wp\/v2\/posts\/15665\/revisions\/15667"}],"wp:featuredmedia":[{"embeddable":true,"href":"https:\/\/www.visionweb.com.ar\/index.php?rest_route=\/wp\/v2\/media\/15666"}],"wp:attachment":[{"href":"https:\/\/www.visionweb.com.ar\/index.php?rest_route=%2Fwp%2Fv2%2Fmedia&parent=15665"}],"wp:term":[{"taxonomy":"category","embeddable":true,"href":"https:\/\/www.visionweb.com.ar\/index.php?rest_route=%2Fwp%2Fv2%2Fcategories&post=15665"},{"taxonomy":"post_tag","embeddable":true,"href":"https:\/\/www.visionweb.com.ar\/index.php?rest_route=%2Fwp%2Fv2%2Ftags&post=15665"}],"curies":[{"name":"wp","href":"https:\/\/api.w.org\/{rel}","templated":true}]}}