{"id":15663,"date":"2024-09-02T13:33:04","date_gmt":"2024-09-02T16:33:04","guid":{"rendered":"https:\/\/www.visionweb.com.ar\/?p=15663"},"modified":"2024-09-02T13:33:04","modified_gmt":"2024-09-02T16:33:04","slug":"subsidios-a-los-colectivos-el-boleto-integrado-ya-no-rige-en-la-provincia","status":"publish","type":"post","link":"https:\/\/www.visionweb.com.ar\/?p=15663","title":{"rendered":"Subsidios a los colectivos: El boleto integrado ya no rige en la provincia"},"content":{"rendered":"<p><em><strong>Viajar en la Provincia sale m\u00e1s caro, debido a que ya no rige el descuento del boleto integrado en colectivos bonaerenses, aunque se mantiene en las l\u00edneas porte\u00f1as. Autoridades del Gobierno provincial volvieron a rechazar esa medida y la consideraron \u201carbitraria e ilegal\u201d.<\/strong><\/em><!--more--><\/p>\n<div id=\"attachment_10679\" style=\"width: 265px\" class=\"wp-caption alignright\"><img loading=\"lazy\" decoding=\"async\" aria-describedby=\"caption-attachment-10679\" class=\"wp-image-10679 size-full\" src=\"https:\/\/www.visionweb.com.ar\/wp-content\/uploads\/2023\/05\/paro-colect.png\" alt=\"\" width=\"255\" height=\"128\" \/><p id=\"caption-attachment-10679\" class=\"wp-caption-text\">Foto de archivo<\/p><\/div>\n<p><strong>\u00a0 \u00a0 E<\/strong>l Gobierno nacional decidi\u00f3 que el programa <strong>Boleto Integrado ya no tenga vigencia en la provincia de Buenos Aires <\/strong>desde el 1 de septiembre por lo cual, quienes realicen m\u00e1s de un viaje en territorio bonaerense en un lapso de dos horas <strong>deber\u00e1n pagar<\/strong>, en todas las oportunidades, <strong>la tarifa plana sin descuentos<\/strong>.<\/p>\n<p><strong>A partir de este mes, el subsidio a las l\u00edneas de la provincia de Buenos Aires dej\u00f3 de pagarse, no as\u00ed en las l\u00edneas porte\u00f1as.<\/strong><\/p>\n<p><strong>Se trata del programa de descuentos de la Red SUBE, de 50 y 75% en el valor del boleto de los viajes en las 103 l\u00edneas de jurisdicci\u00f3n nacional del AMBA y en los trenes.<\/strong><\/p>\n<p>Desde el <strong>Gobierno bonaerense tildaron de \u201carbitraria e ilegal\u201d la decisi\u00f3n<\/strong> de la administraci\u00f3n nacional. Y agregaron: \u201cLa Provincia es la jurisdicci\u00f3n m\u00e1s perjudicada por (Javier) Milei\u201d.<\/p>\n<p>\u201cEstamos en presencia de un nuevo federalismo libertario en el que la provincia de Buenos Aires es la m\u00e1s perjudicada, sobre todo los vecinos del primer y segundo cord\u00f3n del conurbano\u201d, denunci\u00f3 el <strong>ministro de Transporte bonaerense, Jorge D\u2019Onofrio<\/strong>. \u201cLa eliminaci\u00f3n del Boleto Integrado es un castigo para los bonaerenses por lo que votaron\u201d, consider\u00f3.<\/p>\n<p>El titular de la cartera de Transporte agreg\u00f3 que el beneficio que aplicaba un descuento en el segundo boleto de 50% y del 75% en la tercera, en un lapso de dos horas, \u201ca partir de ahora solo para la Provincia dej\u00f3 de existir\u201d, explic\u00f3. \u201c<strong>Desde las 22 horas del d\u00eda s\u00e1bado 31 de agosto, que era el \u00faltimo d\u00eda h\u00e1bil de agosto, la Provincia fue desconectada del sistema<\/strong>\u201d, ampli\u00f3.<\/p>\n<p>En la pr\u00e1ctica, las l\u00edneas afectadas son aquellas que tienen numeraci\u00f3n por encima del 200 (que son las provinciales) y del 500 (que son municipales).<\/p>\n<p>\u201cEs ilegal y arbitrario el fin del Boleto Integrado porque lo que se compensaba era una cuesti\u00f3n de interjurisdiccionalidad y de multimodalidad, lo que era responsabilidad del Gobierno nacional, para eso hay leyes, partidas asignadas e impuestos que se cobran para tal fin\u201d, explic\u00f3.<\/p>\n<p>Adem\u00e1s, el funcionario de Axel Kicillof volvi\u00f3 a responder a Naci\u00f3n sobre la imposibilidad de absorber tambi\u00e9n ese subsidio. \u201cExisten argumentos jur\u00eddicos por los cuales el Gobierno nacional deber\u00eda hacerse cargo de los subsidios del boleto integrado y por los que la provincia de Buenos Aires no puede hacerlo\u201d, dijo D\u2019Onofrio.<\/p>\n<p>\u201cEn la Ley de Leyes (el Presupuesto) hay un rubro, una partida destinada a la compensaci\u00f3n de servicios de transporte, y en la provincia no tenemos herramienta jur\u00eddica para hacerlo\u201d, expres\u00f3.<\/p>\n<p>El ministro record\u00f3 que la provincia se hace cargo del 100% de los subsidios correspondientes al AMBA y tambi\u00e9n del interior porque \u201clo primero que hizo el Gobierno a principio de a\u00f1o fue eliminar el fondo compensador del transporte del interior\u201d, mientras que sigui\u00f3: \u201cNos hacemos cargo del boleto estudiantil para estudiantes universitarios, terciarios y este a\u00f1o a adultos que terminan la primera y la secundaria\u201d, cerr\u00f3.<\/p>\n<p>En rigor, seg\u00fan detallaron desde el Gobierno bonaerense, entre enero y agosto el Ministerio de Transporte bonaerense invirti\u00f3 m\u00e1s de $454.000 millones en las pol\u00edticas de Compensaci\u00f3n Tarifaria del AMBA e Interior; Transporte Fluvial y Boleto Especial Educativo. <strong>(VW)<\/strong><\/p>\n","protected":false},"excerpt":{"rendered":"<p>Viajar en la Provincia sale m\u00e1s caro, debido a que ya no rige el descuento del boleto integrado en colectivos bonaerenses, aunque se mantiene en las l\u00edneas porte\u00f1as. Autoridades del Gobierno provincial volvieron a&#46;&#46;&#46;<\/p>\n","protected":false},"author":4,"featured_media":10679,"comment_status":"closed","ping_status":"closed","sticky":false,"template":"","format":"standard","meta":{"_monsterinsights_skip_tracking":false,"_monsterinsights_sitenote_active":false,"_monsterinsights_sitenote_note":"","_monsterinsights_sitenote_category":0,"footnotes":""},"categories":[6,4],"tags":[6535,6634,3036],"class_list":["post-15663","post","type-post","status-publish","format-standard","has-post-thumbnail","hentry","category-economia","category-politica","tag-boleto-integrado","tag-en-provincia-no-rige","tag-red-sube"],"_links":{"self":[{"href":"https:\/\/www.visionweb.com.ar\/index.php?rest_route=\/wp\/v2\/posts\/15663","targetHints":{"allow":["GET"]}}],"collection":[{"href":"https:\/\/www.visionweb.com.ar\/index.php?rest_route=\/wp\/v2\/posts"}],"about":[{"href":"https:\/\/www.visionweb.com.ar\/index.php?rest_route=\/wp\/v2\/types\/post"}],"author":[{"embeddable":true,"href":"https:\/\/www.visionweb.com.ar\/index.php?rest_route=\/wp\/v2\/users\/4"}],"replies":[{"embeddable":true,"href":"https:\/\/www.visionweb.com.ar\/index.php?rest_route=%2Fwp%2Fv2%2Fcomments&post=15663"}],"version-history":[{"count":1,"href":"https:\/\/www.visionweb.com.ar\/index.php?rest_route=\/wp\/v2\/posts\/15663\/revisions"}],"predecessor-version":[{"id":15664,"href":"https:\/\/www.visionweb.com.ar\/index.php?rest_route=\/wp\/v2\/posts\/15663\/revisions\/15664"}],"wp:featuredmedia":[{"embeddable":true,"href":"https:\/\/www.visionweb.com.ar\/index.php?rest_route=\/wp\/v2\/media\/10679"}],"wp:attachment":[{"href":"https:\/\/www.visionweb.com.ar\/index.php?rest_route=%2Fwp%2Fv2%2Fmedia&parent=15663"}],"wp:term":[{"taxonomy":"category","embeddable":true,"href":"https:\/\/www.visionweb.com.ar\/index.php?rest_route=%2Fwp%2Fv2%2Fcategories&post=15663"},{"taxonomy":"post_tag","embeddable":true,"href":"https:\/\/www.visionweb.com.ar\/index.php?rest_route=%2Fwp%2Fv2%2Ftags&post=15663"}],"curies":[{"name":"wp","href":"https:\/\/api.w.org\/{rel}","templated":true}]}}