{"id":15649,"date":"2024-08-30T09:30:47","date_gmt":"2024-08-30T12:30:47","guid":{"rendered":"https:\/\/www.visionweb.com.ar\/?p=15649"},"modified":"2024-08-30T09:30:47","modified_gmt":"2024-08-30T12:30:47","slug":"se-inauguro-el-congreso-de-educacion-de-almirante-brown","status":"publish","type":"post","link":"https:\/\/www.visionweb.com.ar\/?p=15649","title":{"rendered":"Se inaugur\u00f3 el Congreso de Educaci\u00f3n de Almirante Brown"},"content":{"rendered":"<p><em><strong>Este viernes habr\u00e1 conferencias, charlas y talleres de acad\u00e9micos que disertar\u00e1n desde las 9 de la ma\u00f1ana y hasta las 19 en distintos espacios de la Casa de la Cultura.<\/strong><\/em><br \/>\n<!--more--><\/p>\n<p><img loading=\"lazy\" decoding=\"async\" class=\"size-medium wp-image-15650 alignright\" src=\"https:\/\/www.visionweb.com.ar\/wp-content\/uploads\/2024\/08\/CONGRESO-DOCENTE-300x189.png\" alt=\"\" width=\"300\" height=\"189\" srcset=\"https:\/\/www.visionweb.com.ar\/wp-content\/uploads\/2024\/08\/CONGRESO-DOCENTE-300x189.png 300w, https:\/\/www.visionweb.com.ar\/wp-content\/uploads\/2024\/08\/CONGRESO-DOCENTE.png 640w\" sizes=\"auto, (max-width: 300px) 100vw, 300px\" \/>Con la participaci\u00f3n de m\u00e1s de 6 mil docentes se inici\u00f3 este jueves el 8\u00ba Congreso de Educaci\u00f3n que sigue este viernes con la presencia de grandes expositores.<\/p>\n<p>La apertura del encuentro estuvo a cargo del director de Cultura y Educaci\u00f3n bonaerense, Alberto Sileoni, junto al intendente de Almirante Brown, Mariano Cascallares, la apertura del 8\u00b0 Congreso de Educaci\u00f3n.<\/p>\n<p>El encuentro tiene por objetivo constituirse en un espacio de formaci\u00f3n docente, de reflexi\u00f3n y debate en torno a la ense\u00f1anza y el aprendizaje.<\/p>\n<p>La actividad de apertura se desarroll\u00f3 en la iglesia Cristo para Todos, ubicada en Bouchard 1020, y cont\u00f3 tambi\u00e9n con la disertaci\u00f3n del director del Centro Iberoamericano de Investigaci\u00f3n en Ciencia, Tecnolog\u00eda e Innovaci\u00f3n y ex ministro de Educaci\u00f3n de la Naci\u00f3n, Daniel Filmus, quien brind\u00f3 una conferencia magistral sobre El rol docente en la soberan\u00eda cient\u00edfica y tecnol\u00f3gica.<\/p>\n<p>En el discurso inaugural, Sileoni, puso en valor la \u201ceducaci\u00f3n bonaerense\u201d y la realizaci\u00f3n de este octavo congreso de educaci\u00f3n browniano: \u201cVenimos a tratar de pensar, de ver cu\u00e1l es el aporte y sabemos que podemos lograr algo extraordinario para mejorar la sociedad en la que vivimos\u201d, enfatiz\u00f3.<\/p>\n<p>\u201cTrabajamos todos los d\u00edas juntos, con distintas herramientas, para que el Estado est\u00e9 m\u00e1s cerca de la comunidad. Por eso creamos todo los Jardines de Infantes que se necesitaban, duplicamos la cantidad de Escuelas T\u00e9cnicas en estos a\u00f1os, y vamos a seguir construyendo escuelas en Almirante Brown, y poni\u00e9ndonos a disposici\u00f3n de las necesidades de infraestructura que tiene nuestro apostando a la calidad educativa\u201d, sostuvo el jefe comunal, Mariano Cascallares.<\/p>\n<p>Luego de la actividad inaugural, las actividades se trasladaron a su sede principal, la Casa de la Cultura de Adrogu\u00e9, donde durante toda la jornada del jueves y el viernes se compartir\u00e1n diversas miradas y experiencias para lograr una mejor calidad educativa.<\/p>\n<p>En su primer d\u00eda, por ejemplo, adem\u00e1s de Daniel Filmus estuvieron Carlos Grande, Vanina Cascardo, Ignacio Cruchaga, Mariano Scovenna, Marisa Gori, Silvina Nicolini y Denis Najmanovich, entre muchos referentes nacionales, provinciales y locales m\u00e1s, todos nucleados bajo la consigna el Rol docente, el desaf\u00edo de ense\u00f1ar m\u00e1s all\u00e1 del aula.<\/p>\n<h3><strong>Agenda del viernes<\/strong><\/h3>\n<p><strong>Este viernes habr\u00e1 conferencias, charlas y talleres de acad\u00e9micos que disertar\u00e1n desde las 9 de la ma\u00f1ana y hasta las 19 en distintos espacios de la Casa de la Cultura<\/strong>, como el Sal\u00f3n Soldi, el Sal\u00f3n Azul, el Sal\u00f3n Bord\u00f3; las Aulas 1 y 7; el Aula Taller, el Aula Danza y el Espacio Semilla.<\/p>\n<p>En este sentido, los interesados en conocer m\u00e1s informaci\u00f3n respecto de las diferentes actividades previstas podr\u00e1n ingresar al sitio www.educacion.brown.gob.ar\/congresoeducacionbrown.<\/p>\n<p>Entre las principales actividades previstas, se encuentran la de<strong> Leila Schewe, que hablar\u00e1 sobre trayectorias escolares y discapacidad; desde las 9; la de Silvina Gvirtz que disertar\u00e1 desde las 13 respecto de c\u00f3mo Aprender a ser director; y la de Ver\u00f3nica Piovani, con su conferencia Ense\u00f1ar en tiempos de cultura digital y desigualdades, desde las 15.<\/strong><\/p>\n<p>Tambi\u00e9n estar\u00e1 presente Eva Carrizo Villar que desde las 18 brindar\u00e1 su charla En busca de las mujeres perdidas: el desaf\u00edo de pensar desde una perspectiva de g\u00e9nero en educaci\u00f3n; tambi\u00e9n Serra, Na\u00f3n y Trigubof hablando sobre la Articulaci\u00f3n entre Nivel Secundario y Superior Universitario, y de Elena Santa Cruz, quien estar\u00e1 a cargo de cerrar el Congreso desde las 19 con su charla T\u00edteres y Utop\u00eda, entre otras propuestas.<\/p>\n","protected":false},"excerpt":{"rendered":"<p>Este viernes habr\u00e1 conferencias, charlas y talleres de acad\u00e9micos que disertar\u00e1n desde las 9 de la ma\u00f1ana y hasta las 19 en distintos espacios de la Casa de la Cultura.<\/p>\n","protected":false},"author":3,"featured_media":15650,"comment_status":"closed","ping_status":"closed","sticky":false,"template":"","format":"standard","meta":{"_monsterinsights_skip_tracking":false,"_monsterinsights_sitenote_active":false,"_monsterinsights_sitenote_note":"","_monsterinsights_sitenote_category":0,"footnotes":""},"categories":[7],"tags":[658,949,485,410],"class_list":["post-15649","post","type-post","status-publish","format-standard","has-post-thumbnail","hentry","category-educacion-y-cultura","tag-almirante-brown","tag-capacitacion","tag-congreso","tag-docentes"],"_links":{"self":[{"href":"https:\/\/www.visionweb.com.ar\/index.php?rest_route=\/wp\/v2\/posts\/15649","targetHints":{"allow":["GET"]}}],"collection":[{"href":"https:\/\/www.visionweb.com.ar\/index.php?rest_route=\/wp\/v2\/posts"}],"about":[{"href":"https:\/\/www.visionweb.com.ar\/index.php?rest_route=\/wp\/v2\/types\/post"}],"author":[{"embeddable":true,"href":"https:\/\/www.visionweb.com.ar\/index.php?rest_route=\/wp\/v2\/users\/3"}],"replies":[{"embeddable":true,"href":"https:\/\/www.visionweb.com.ar\/index.php?rest_route=%2Fwp%2Fv2%2Fcomments&post=15649"}],"version-history":[{"count":1,"href":"https:\/\/www.visionweb.com.ar\/index.php?rest_route=\/wp\/v2\/posts\/15649\/revisions"}],"predecessor-version":[{"id":15651,"href":"https:\/\/www.visionweb.com.ar\/index.php?rest_route=\/wp\/v2\/posts\/15649\/revisions\/15651"}],"wp:featuredmedia":[{"embeddable":true,"href":"https:\/\/www.visionweb.com.ar\/index.php?rest_route=\/wp\/v2\/media\/15650"}],"wp:attachment":[{"href":"https:\/\/www.visionweb.com.ar\/index.php?rest_route=%2Fwp%2Fv2%2Fmedia&parent=15649"}],"wp:term":[{"taxonomy":"category","embeddable":true,"href":"https:\/\/www.visionweb.com.ar\/index.php?rest_route=%2Fwp%2Fv2%2Fcategories&post=15649"},{"taxonomy":"post_tag","embeddable":true,"href":"https:\/\/www.visionweb.com.ar\/index.php?rest_route=%2Fwp%2Fv2%2Ftags&post=15649"}],"curies":[{"name":"wp","href":"https:\/\/api.w.org\/{rel}","templated":true}]}}