{"id":15645,"date":"2024-08-30T08:29:27","date_gmt":"2024-08-30T11:29:27","guid":{"rendered":"https:\/\/www.visionweb.com.ar\/?p=15645"},"modified":"2024-08-30T08:29:27","modified_gmt":"2024-08-30T11:29:27","slug":"la-cerveza-artesanal-sera-destacada-en-la-proxima-edicion-de-cocina-abierta","status":"publish","type":"post","link":"https:\/\/www.visionweb.com.ar\/?p=15645","title":{"rendered":"La cerveza artesanal ser\u00e1 destacada en la pr\u00f3xima edici\u00f3n de Cocina Abierta"},"content":{"rendered":"<p><strong><em>Del 6 al 8 de septiembre,\u00a0Cocina Abierta reunir\u00e1 a elaboradores de cervezas artesanales de distintas provincias, donde se podr\u00e1 degustar, comprar y conocer la diversidad de aromas y sabores de estos productos regionales, con entrada libre y gratuita.<\/em><\/strong><!--more--><\/p>\n<p><img loading=\"lazy\" decoding=\"async\" class=\"size-medium wp-image-15646 alignright\" src=\"https:\/\/www.visionweb.com.ar\/wp-content\/uploads\/2024\/08\/CERVEZAS-CCK-TRES-300x182.png\" alt=\"\" width=\"300\" height=\"182\" srcset=\"https:\/\/www.visionweb.com.ar\/wp-content\/uploads\/2024\/08\/CERVEZAS-CCK-TRES-300x182.png 300w, https:\/\/www.visionweb.com.ar\/wp-content\/uploads\/2024\/08\/CERVEZAS-CCK-TRES.png 640w\" sizes=\"auto, (max-width: 300px) 100vw, 300px\" \/>El mercado de la cerveza artesanal<em> se fortaleci\u00f3 en los \u00faltimos a\u00f1os, convirti\u00e9ndose en otra fuente de crecimiento para el sector de bebidas, ya que surgi\u00f3 de nuevos emprendimientos y renov\u00f3 costumbres en los consumidores. <\/em><\/p>\n<p>La primera f\u00e1brica de este tipo naci\u00f3 en el Bols\u00f3n en los a\u00f1os \u00b480, y desde entonces se crearon m\u00e1s de 1500 marcas de cervezas artesanales.<\/p>\n<p>En buena medida, los principales polos cerveceros se localizan en San Carlos de Bariloche, Mar del Plata y La Plata por ser lugares de fabricaci\u00f3n y por la relaci\u00f3n habitante\/consumo. Esta producci\u00f3n se ha extendido a todas las provincias y \u00faltimamente en diversas localidades de Buenos Aires.<\/p>\n<p><strong>En esta edici\u00f3n acompa\u00f1ar\u00e1n a las cervezas: embutidos y quesos, frutos secos, alfajores, chocolates, entre otros productos para consumir en el lugar.<\/strong><\/p>\n<p>Estar\u00e1n presentes productos de las provincias de <strong>Buenos Aires, Chubut, C\u00f3rdoba, Neuqu\u00e9n, San Juan, Santa Fe y R\u00edo Negro, y de la ciudad aut\u00f3noma de Buenos Aires.<\/strong><\/p>\n<p>La cerveza artesanal se convirti\u00f3, en los \u00faltimos tiempos, en un producto que invita a la experiencia tur\u00edstica \u201cbirrera\u201d, permitiendo a los turistas explorar cervecer\u00edas locales, f\u00e1bricas y degustar cervezas \u00fanicas mientras se disfrutan paisajes inigualables.<\/p>\n<p><img loading=\"lazy\" decoding=\"async\" class=\"size-medium wp-image-15647 alignleft\" src=\"https:\/\/www.visionweb.com.ar\/wp-content\/uploads\/2024\/08\/CERVEZAS-CCK-DOS-300x200.png\" alt=\"\" width=\"300\" height=\"200\" srcset=\"https:\/\/www.visionweb.com.ar\/wp-content\/uploads\/2024\/08\/CERVEZAS-CCK-DOS-300x200.png 300w, https:\/\/www.visionweb.com.ar\/wp-content\/uploads\/2024\/08\/CERVEZAS-CCK-DOS.png 640w\" sizes=\"auto, (max-width: 300px) 100vw, 300px\" \/>Se pueden realizar las siguientes experiencias cerveceras: <strong>recorrer la ruta de la cerveza en Bariloche, festejar a la cerveza en su gran cita anual en Villa General Belgrano, o visitar con pinta en mano alguna de las distintas f\u00e1bricas en la ciudad de Mar del Plata.<\/strong><\/p>\n<p>Se podr\u00e1 participar de\u00a0<strong>charlas<\/strong>\u00a0<strong>para descubrir la producci\u00f3n de nuestras cervezas artesanales,<\/strong> sus formas de consumo, catas y maridajes a cargo de la<br \/>\n<a href=\"https:\/\/www.ccaargentina.org\/\" target=\"_blank\" rel=\"noopener noreferrer\"><strong>C\u00e1mara de Cerveceros Artesanales de Argentina<\/strong><\/a>\u00a0(CCAA).<\/p>\n<p>El\u00a0<strong>Programa GustAr,<\/strong>\u00a0invita tambi\u00e9n a recorrer su espacio de gastronom\u00eda argentina en Google Art &amp; Culture, que ofrece una amplia informaci\u00f3n sobre la producci\u00f3n y el arte culinario de nuestras regiones.<\/p>\n<p><strong>GustAr,<\/strong>\u00a0es una iniciativa conjunta entre la Secretar\u00eda de Cultura del Ministerio de Capital Humano, la Secretar\u00eda de Turismo, Ambiente y Deporte de la Vicejefatura de Gabinete del Interior y la Secretar\u00eda de Agricultura, Ganader\u00eda y Pesca del Ministerio de Econom\u00eda de la Naci\u00f3n, que busca revalorizar la producci\u00f3n agroalimentaria, el turismo gastron\u00f3mico y la cultura alimentaria de las distintas regiones de nuestro pa\u00eds.<\/p>\n<p><strong>Cocina Abierta: Edici\u00f3n Cerveza Artesanal, 6 al 8 de septiembre de 14 a 20 h, en Sarmiento 151, CABA, con entrada libre y gratuita(VW\/NAP)<\/strong><\/p>\n","protected":false},"excerpt":{"rendered":"<p>Del 6 al 8 de septiembre,\u00a0Cocina Abierta reunir\u00e1 a elaboradores de cervezas artesanales de distintas provincias, donde se podr\u00e1 degustar, comprar y conocer la diversidad de aromas y sabores de estos productos regionales, con&#46;&#46;&#46;<\/p>\n","protected":false},"author":3,"featured_media":15646,"comment_status":"closed","ping_status":"closed","sticky":false,"template":"","format":"standard","meta":{"_monsterinsights_skip_tracking":false,"_monsterinsights_sitenote_active":false,"_monsterinsights_sitenote_note":"","_monsterinsights_sitenote_category":0,"footnotes":""},"categories":[1317],"tags":[4713,5532,4712,6631,6051,2774],"class_list":["post-15645","post","type-post","status-publish","format-standard","has-post-thumbnail","hentry","category-sabores-y-tendencias","tag-artesanales","tag-cck","tag-cervezas","tag-cocina-abierta","tag-degustaciones","tag-septiembre"],"_links":{"self":[{"href":"https:\/\/www.visionweb.com.ar\/index.php?rest_route=\/wp\/v2\/posts\/15645","targetHints":{"allow":["GET"]}}],"collection":[{"href":"https:\/\/www.visionweb.com.ar\/index.php?rest_route=\/wp\/v2\/posts"}],"about":[{"href":"https:\/\/www.visionweb.com.ar\/index.php?rest_route=\/wp\/v2\/types\/post"}],"author":[{"embeddable":true,"href":"https:\/\/www.visionweb.com.ar\/index.php?rest_route=\/wp\/v2\/users\/3"}],"replies":[{"embeddable":true,"href":"https:\/\/www.visionweb.com.ar\/index.php?rest_route=%2Fwp%2Fv2%2Fcomments&post=15645"}],"version-history":[{"count":1,"href":"https:\/\/www.visionweb.com.ar\/index.php?rest_route=\/wp\/v2\/posts\/15645\/revisions"}],"predecessor-version":[{"id":15648,"href":"https:\/\/www.visionweb.com.ar\/index.php?rest_route=\/wp\/v2\/posts\/15645\/revisions\/15648"}],"wp:featuredmedia":[{"embeddable":true,"href":"https:\/\/www.visionweb.com.ar\/index.php?rest_route=\/wp\/v2\/media\/15646"}],"wp:attachment":[{"href":"https:\/\/www.visionweb.com.ar\/index.php?rest_route=%2Fwp%2Fv2%2Fmedia&parent=15645"}],"wp:term":[{"taxonomy":"category","embeddable":true,"href":"https:\/\/www.visionweb.com.ar\/index.php?rest_route=%2Fwp%2Fv2%2Fcategories&post=15645"},{"taxonomy":"post_tag","embeddable":true,"href":"https:\/\/www.visionweb.com.ar\/index.php?rest_route=%2Fwp%2Fv2%2Ftags&post=15645"}],"curies":[{"name":"wp","href":"https:\/\/api.w.org\/{rel}","templated":true}]}}