{"id":15642,"date":"2024-08-29T18:22:27","date_gmt":"2024-08-29T21:22:27","guid":{"rendered":"https:\/\/www.visionweb.com.ar\/?p=15642"},"modified":"2024-08-29T18:22:27","modified_gmt":"2024-08-29T21:22:27","slug":"el-gobierno-realizara-un-censo-de-docentes-en-todo-el-pais","status":"publish","type":"post","link":"https:\/\/www.visionweb.com.ar\/?p=15642","title":{"rendered":"El Gobierno realizar\u00e1 un censo de docentes en todo el pa\u00eds"},"content":{"rendered":"<p><em><strong>La \u00faltima edici\u00f3n fue en 2015. \u201cLos resultados del relevamiento\u00a0permitir\u00e1n contar con informaci\u00f3n \u00fatil para el desarrollo de pol\u00edticas educativas\u201d, entre otros aspectos.<\/strong><\/em><!--more--><\/p>\n<p><strong><img loading=\"lazy\" decoding=\"async\" class=\"size-medium wp-image-10258 alignright\" src=\"https:\/\/www.visionweb.com.ar\/wp-content\/uploads\/2023\/04\/aula-300x168.png\" alt=\"\" width=\"300\" height=\"168\" srcset=\"https:\/\/www.visionweb.com.ar\/wp-content\/uploads\/2023\/04\/aula-300x168.png 300w, https:\/\/www.visionweb.com.ar\/wp-content\/uploads\/2023\/04\/aula.png 390w\" sizes=\"auto, (max-width: 300px) 100vw, 300px\" \/>\u00a0 \u00a0\u00a0 E<\/strong>l Gobierno nacional, a trav\u00e9s de la\u00a0<strong>Secretar\u00eda de\u00a0Educaci\u00f3n,<\/strong> anunci\u00f3 la realizaci\u00f3n de un\u00a0<strong>nuevo censo nacional de docentes<\/strong>, al que denomin\u00f3 <strong>Relevamiento Nacional de Personal Educativo A\u00f1o 2025 (ReNPE 2025)<\/strong>, y crear\u00e1 un registro de todos los datos de quienes se desempe\u00f1an en el sistema educativo.<\/p>\n<p>El proyecto <strong>tiene como objetivo recopilar y actualizar los datos del personal docente y no docente<\/strong>\u00a0de todos los niveles, excepto del universitario, y en todas las provincias del pa\u00eds, con el fin de crear un registro detallado del sistema.<\/p>\n<p>El anuncio fue realizado tras la\u00a0<strong>134\u00b0 Asamblea del Consejo Federal de Educaci\u00f3n (CFE), donde los ministros de las 24 jurisdicciones educativas dieron su aprobaci\u00f3n\u00a0<\/strong>para implementar el <strong>ReNPE 2025.<\/strong><\/p>\n<p>Seg\u00fan el secretario de Educaci\u00f3n de la Naci\u00f3n, Carlos Torrendell, \u201ceste relevamiento permitir\u00e1 caracterizar los diferentes perfiles de quienes trabajan en los establecimientos educativos, su situaci\u00f3n laboral, formaci\u00f3n, entre otras dimensiones clave. A su vez,\u00a0<strong>permitir\u00e1 crear y mantener un registro del personal del sistema educativo que constituir\u00e1 el m\u00f3dulo de cargos y personal\u00a0<\/strong>del Sistema Integrado de Informaci\u00f3n Digital Educativa (SINIDE)\u201d.<\/p>\n<p>Este censo busca no solo cuantificar el n\u00famero de docentes y su inserci\u00f3n en las instituciones educativas, sino tambi\u00e9n\u00a0<strong>analizar aspectos sociodemogr\u00e1ficos, trayectorias profesionales y condiciones laborales<\/strong>\u00a0y ser\u00e1 la Red Federal de Informaci\u00f3n Educativa, compuesta por la Direcci\u00f3n de Informaci\u00f3n de la Secretar\u00eda de Educaci\u00f3n y las unidades de Estad\u00edstica de los ministerios provinciales, la encargada de llevar adelante este trabajo.<\/p>\n<p>Adem\u00e1s del censo, la Asamblea del CFE tambi\u00e9n\u00a0<strong>aprob\u00f3 los Lineamientos Curriculares Nacionales para la Formaci\u00f3n Docente Inicial\u00a0<\/strong>y discuti\u00f3 un documento de trabajo sobre el Sistema Federal Integrado de Evaluaci\u00f3n, Certificaci\u00f3n y Acreditaci\u00f3n de la Formaci\u00f3n Docente (SiFIECA), que fueron considerados \u201cdos cuestiones estrat\u00e9gicas para el fortalecimiento y mejoramiento del sistema formador en nuestro pa\u00eds\u201d.<\/p>\n<p>El ReNPE 2025 se desarrollar\u00e1 a lo largo de ese a\u00f1o, y con la aprobaci\u00f3n del proyecto, se iniciar\u00e1n las tareas preparatorias.<\/p>\n<p>Desde Educaci\u00f3n destacaron que \u201clos resultados del relevamiento\u00a0<strong>permitir\u00e1n contar con informaci\u00f3n \u00fatil para el desarrollo de pol\u00edticas educativas, la asignaci\u00f3n de recursos<\/strong> destinadas al fortalecimiento de la ense\u00f1anza y el aprendizaje, y el acompa\u00f1amiento del trabajo del personal de los establecimientos educativos\u201d . <strong>(VW)<\/strong><\/p>\n<p>&nbsp;<\/p>\n","protected":false},"excerpt":{"rendered":"<p>La \u00faltima edici\u00f3n fue en 2015. \u201cLos resultados del relevamiento\u00a0permitir\u00e1n contar con informaci\u00f3n \u00fatil para el desarrollo de pol\u00edticas educativas\u201d, entre otros aspectos.<\/p>\n","protected":false},"author":4,"featured_media":10258,"comment_status":"closed","ping_status":"closed","sticky":false,"template":"","format":"standard","meta":{"_monsterinsights_skip_tracking":false,"_monsterinsights_sitenote_active":false,"_monsterinsights_sitenote_note":"","_monsterinsights_sitenote_category":0,"footnotes":""},"categories":[8,5],"tags":[6629,6630,4022],"class_list":["post-15642","post","type-post","status-publish","format-standard","has-post-thumbnail","hentry","category-interes-general","category-sociedad","tag-censo-de-docentes-2025","tag-relevamiento-personal-educativo","tag-secretaria-de-educacion"],"_links":{"self":[{"href":"https:\/\/www.visionweb.com.ar\/index.php?rest_route=\/wp\/v2\/posts\/15642","targetHints":{"allow":["GET"]}}],"collection":[{"href":"https:\/\/www.visionweb.com.ar\/index.php?rest_route=\/wp\/v2\/posts"}],"about":[{"href":"https:\/\/www.visionweb.com.ar\/index.php?rest_route=\/wp\/v2\/types\/post"}],"author":[{"embeddable":true,"href":"https:\/\/www.visionweb.com.ar\/index.php?rest_route=\/wp\/v2\/users\/4"}],"replies":[{"embeddable":true,"href":"https:\/\/www.visionweb.com.ar\/index.php?rest_route=%2Fwp%2Fv2%2Fcomments&post=15642"}],"version-history":[{"count":1,"href":"https:\/\/www.visionweb.com.ar\/index.php?rest_route=\/wp\/v2\/posts\/15642\/revisions"}],"predecessor-version":[{"id":15643,"href":"https:\/\/www.visionweb.com.ar\/index.php?rest_route=\/wp\/v2\/posts\/15642\/revisions\/15643"}],"wp:featuredmedia":[{"embeddable":true,"href":"https:\/\/www.visionweb.com.ar\/index.php?rest_route=\/wp\/v2\/media\/10258"}],"wp:attachment":[{"href":"https:\/\/www.visionweb.com.ar\/index.php?rest_route=%2Fwp%2Fv2%2Fmedia&parent=15642"}],"wp:term":[{"taxonomy":"category","embeddable":true,"href":"https:\/\/www.visionweb.com.ar\/index.php?rest_route=%2Fwp%2Fv2%2Fcategories&post=15642"},{"taxonomy":"post_tag","embeddable":true,"href":"https:\/\/www.visionweb.com.ar\/index.php?rest_route=%2Fwp%2Fv2%2Ftags&post=15642"}],"curies":[{"name":"wp","href":"https:\/\/api.w.org\/{rel}","templated":true}]}}