{"id":15634,"date":"2024-08-29T10:44:55","date_gmt":"2024-08-29T13:44:55","guid":{"rendered":"https:\/\/www.visionweb.com.ar\/?p=15634"},"modified":"2024-08-29T15:26:49","modified_gmt":"2024-08-29T18:26:49","slug":"jubilados-la-policia-federal-reprimio-una-protesta-frente-al-congreso","status":"publish","type":"post","link":"https:\/\/www.visionweb.com.ar\/?p=15634","title":{"rendered":"Jubilados: La Polic\u00eda Federal reprimi\u00f3 una protesta frente al congreso"},"content":{"rendered":"<p><em><strong>Se trato de una protesta que se realiz\u00f3 en la v\u00edspera frente al Congreso. Los jubilados protestaban en rechazo al veto que impulsa Milei a la Ley aprobada por el Senado la semana pasada que modifica la f\u00f3rmula que ajusta los haberes de la tercera edad.<\/strong><\/em>\u00a0 \u00a0 <!--more--><\/p>\n<p><img loading=\"lazy\" decoding=\"async\" class=\"size-medium wp-image-15635 alignleft\" src=\"https:\/\/www.visionweb.com.ar\/wp-content\/uploads\/2024\/08\/PROTESTAS-DE-JUBILADOS-300x180.png\" alt=\"\" width=\"300\" height=\"180\" srcset=\"https:\/\/www.visionweb.com.ar\/wp-content\/uploads\/2024\/08\/PROTESTAS-DE-JUBILADOS-300x180.png 300w, https:\/\/www.visionweb.com.ar\/wp-content\/uploads\/2024\/08\/PROTESTAS-DE-JUBILADOS.png 640w\" sizes=\"auto, (max-width: 300px) 100vw, 300px\" \/>La Polic\u00eda Federal reprimi\u00f3 a los\u00a0<a href=\"https:\/\/www.inforegion.com.ar\/2024\/08\/27\/habra-protocolo-anti-piquetes-jubilados-marcharan-manana-en-contra-del-posible-veto-de-javier-milei\/\">jubilados\u00a0<\/a>que se concentraban frente al Congreso para marchar a Plaza de Mayo,\u00a0<strong>para protestar contra la decisi\u00f3n del presidente Javier Milei de vetar la reforma jubilatoria sancionada por ambas c\u00e1maras.<\/strong><\/p>\n<p>Minutos antes de las 16, la Polic\u00eda Federal comenz\u00f3 a tirar gases y a darle palazos a los manifestantes presentes en la Plaza del Congreso, donde comenzaron a concentrarse para luego marchar hasta Plaza de Mayo.<\/p>\n<p>Los uniformados comenzaron a empujar a los manifestantes\u00a0para que suban a la vereda, y\u00a0<strong>frente a la respuesta, que se negaban a hacerlo,\u00a0 comenzaron a reprimir con gases y palos.<\/strong><\/p>\n<p>Mientras tanto, los diputados\u00a0<strong>Germ\u00e1n Mart\u00ednez\u00a0<\/strong>(Uni\u00f3n por la Patria) y\u00a0<strong>Nicol\u00e1s del Ca\u00f1o\u00a0<\/strong>(Frente de Izquierda) salieron del edificio del palacio legislativo recinto para ver como estaba la situaci\u00f3n en la calle.<\/p>\n<p>\u00abTodos los mi\u00e9rcoles aqu\u00ed hay una manifestaci\u00f3n de jubilados, la misma polic\u00eda ya tiene armado una especie de protocolo.\u00a0<strong>No se que pas\u00f3 hoy que vinieron a reprimir\u00bb<\/strong>, asegur\u00f3 Mart\u00ednez y agreg\u00f3:\u00a0<strong>\u00abMe parece que lo que hubo hoy es una clara decisi\u00f3n de tomar una actitud distinta a la que tienen todos los mi\u00e9rcoles\u00bb.<\/strong><\/p>\n<p>Por su parte, Del Ca\u00f1o denunci\u00f3: \u00abHay una disposici\u00f3n del Gobierno.\u00a0<strong>Est\u00e1 ac\u00e1 la Polic\u00eda Federal cuando siempre esta la Polic\u00eda de la Ciudad<\/strong>, que ha reprimido tambi\u00e9n a los jubilados, pero hoy vino la Federal porque hay una manifestaci\u00f3n contra el veto del Presidente\u00bb.<\/p>\n<p><strong>El dirigente del Polo Obrero, Eduardo Belliboni, apunt\u00f3 contra la ministra de Seguridad, Patricia Bullrich<\/strong>, por la represi\u00f3n desatada por la Polic\u00eda Federal sobre los jubilados, que protestan por el veto que har\u00e1 el presidente Javie Milei.<\/p>\n<p>\u201cReprimieron a los jubilados, es lo \u00faltimo y final para este Gobierno y Patricia Bullrich. Pegarle a un jubilado es lo \u00faltimo que pod\u00e9s hacer en la vida. \u00a1<strong>Te ten\u00e9s que ir Bullrich! Reprimiste a los jubilados que estaban manifest\u00e1ndose<\/strong>. En este pa\u00eds no est\u00e1 prohibida la movilizaci\u00f3n, sino m\u00e1s que nunca es necesaria la movilizaci\u00f3n popular para derrotar a este Gobierno asesino de j\u00f3venes y jubilados. Un desastre lo de este Gobierno\u201d, asegur\u00f3 el referente social en declaraciones period\u00edsticas<strong>(VW)<\/strong>.<\/p>\n","protected":false},"excerpt":{"rendered":"<p>Se trato de una protesta que se realiz\u00f3 en la v\u00edspera frente al Congreso. Los jubilados protestaban en rechazo al veto que impulsa Milei a la Ley aprobada por el Senado la semana pasada&#46;&#46;&#46;<\/p>\n","protected":false},"author":3,"featured_media":15635,"comment_status":"closed","ping_status":"closed","sticky":false,"template":"","format":"standard","meta":{"_monsterinsights_skip_tracking":false,"_monsterinsights_sitenote_active":false,"_monsterinsights_sitenote_note":"","_monsterinsights_sitenote_category":0,"footnotes":""},"categories":[8,5],"tags":[485,569,6627],"class_list":["post-15634","post","type-post","status-publish","format-standard","has-post-thumbnail","hentry","category-interes-general","category-sociedad","tag-congreso","tag-jubilados","tag-represion"],"_links":{"self":[{"href":"https:\/\/www.visionweb.com.ar\/index.php?rest_route=\/wp\/v2\/posts\/15634","targetHints":{"allow":["GET"]}}],"collection":[{"href":"https:\/\/www.visionweb.com.ar\/index.php?rest_route=\/wp\/v2\/posts"}],"about":[{"href":"https:\/\/www.visionweb.com.ar\/index.php?rest_route=\/wp\/v2\/types\/post"}],"author":[{"embeddable":true,"href":"https:\/\/www.visionweb.com.ar\/index.php?rest_route=\/wp\/v2\/users\/3"}],"replies":[{"embeddable":true,"href":"https:\/\/www.visionweb.com.ar\/index.php?rest_route=%2Fwp%2Fv2%2Fcomments&post=15634"}],"version-history":[{"count":3,"href":"https:\/\/www.visionweb.com.ar\/index.php?rest_route=\/wp\/v2\/posts\/15634\/revisions"}],"predecessor-version":[{"id":15638,"href":"https:\/\/www.visionweb.com.ar\/index.php?rest_route=\/wp\/v2\/posts\/15634\/revisions\/15638"}],"wp:featuredmedia":[{"embeddable":true,"href":"https:\/\/www.visionweb.com.ar\/index.php?rest_route=\/wp\/v2\/media\/15635"}],"wp:attachment":[{"href":"https:\/\/www.visionweb.com.ar\/index.php?rest_route=%2Fwp%2Fv2%2Fmedia&parent=15634"}],"wp:term":[{"taxonomy":"category","embeddable":true,"href":"https:\/\/www.visionweb.com.ar\/index.php?rest_route=%2Fwp%2Fv2%2Fcategories&post=15634"},{"taxonomy":"post_tag","embeddable":true,"href":"https:\/\/www.visionweb.com.ar\/index.php?rest_route=%2Fwp%2Fv2%2Ftags&post=15634"}],"curies":[{"name":"wp","href":"https:\/\/api.w.org\/{rel}","templated":true}]}}