{"id":15629,"date":"2024-08-28T20:09:53","date_gmt":"2024-08-28T23:09:53","guid":{"rendered":"https:\/\/www.visionweb.com.ar\/?p=15629"},"modified":"2024-08-28T20:09:53","modified_gmt":"2024-08-28T23:09:53","slug":"formula-1-el-bonaerense-franco-colapinto-correra-para-williams","status":"publish","type":"post","link":"https:\/\/www.visionweb.com.ar\/?p=15629","title":{"rendered":"F\u00f3rmula 1: El bonaerense Franco Colapinto correr\u00e1 para Williams"},"content":{"rendered":"<p><em><strong>Debutar\u00e1 en la butaca de Williams el 1 de septiembre en el Gran Premio de Italia. La escuder\u00eda de Grove decidi\u00f3 cortar el contrato con Logan Sargeant tras el brutal accidente que protagoniz\u00f3 en Pa\u00edses Bajos.<\/strong><\/em><!--more--><\/p>\n<p><strong> <img loading=\"lazy\" decoding=\"async\" class=\"size-medium wp-image-15630 alignright\" src=\"https:\/\/www.visionweb.com.ar\/wp-content\/uploads\/2024\/08\/Franco-Colapinto-278x300.png\" alt=\"\" width=\"278\" height=\"300\" srcset=\"https:\/\/www.visionweb.com.ar\/wp-content\/uploads\/2024\/08\/Franco-Colapinto-278x300.png 278w, https:\/\/www.visionweb.com.ar\/wp-content\/uploads\/2024\/08\/Franco-Colapinto.png 458w\" sizes=\"auto, (max-width: 278px) 100vw, 278px\" \/>\u00a0\u00a0\u00a0\u00a0 L<\/strong>a Argentina volver\u00e1 a tener un piloto en la\u00a0<strong>F\u00f3rmula 1<\/strong>, luego de 23 a\u00f1os, con el piloto\u00a0<strong>Franco Colapinto<\/strong>, quien a bordo de un\u00a0<strong>Williams\u00a0<\/strong>correr\u00e1 el resto de la temporada 2024.<\/p>\n<p>La noticia se conoci\u00f3 ayer martes, y as\u00ed el joven bonaerense Franco Colapinto cumplir\u00e1 el sue\u00f1o de correr en la F\u00f3rmula 1, y <strong>debutar\u00e1 en la butaca de Williams el 1 de septiembre en el Gran Premio de Italia<\/strong>, en el circuito de <strong>Monza<\/strong>, y de esta manera se convertir\u00e1 en el 26\u00b0 piloto argentino en participar de la F1 en la historia.<\/p>\n<p>Adem\u00e1s, romper\u00e1 una <strong>racha de m\u00e1s de dos d\u00e9cadas sin corredores albicelestes<\/strong> en la m\u00e1xima categor\u00eda del automovilismo mundial, ya que\u00a0<strong>el \u00faltimo hab\u00eda sido Gast\u00f3n Mazzacane, en 2001<\/strong>.<\/p>\n<p>El corredor argentino form\u00f3 parte de la academia del equipo brit\u00e1nico y super\u00f3 las expectativas en las pruebas que realiz\u00f3 con una unidad de la F1 en Silverstone.<\/p>\n<p>\u00abEstoy m\u00e1s que listo para ser piloto de F\u00f3rmula 1\u201d, hab\u00eda declarado Colapinto tras esa experiencia que lo encontr\u00f3 codo a codo con la \u00e9lite desde los 21 a\u00f1os.<\/p>\n<p>A trav\u00e9s de su cuenta oficial de X (ex Twitter), el joven agradeci\u00f3 el apoyo del estado nacional y de los auspiciantes por acompa\u00f1arlo \u00aba hacer historia\u00bb y cumplir su \u00absue\u00f1o\u00bb.<\/p>\n<p>\u00abGracias al gobierno, Mat\u00edas Lammens, Visit Argentina, Marca Pa\u00eds, YPF, Globant, Bizarrap y Bullet Sports Management por acompa\u00f1arme a hacer historia juntos y cumplir este sue\u00f1o\u00bb, escribi\u00f3 Colapinto. \u00abEspero que est\u00e9n tan contentos como yo. Pero falta mucho por delante todav\u00eda. A seguir empujando\u00bb, agreg\u00f3 Colapinto.<\/p>\n<p><strong>La agenda de Franco Colapinto en la F1 con Williams<\/strong><\/p>\n<p><strong>FECHA 16<\/strong>: Gran Premio de Italia en Monza (1 de septiembre)<\/p>\n<p><strong>FECHA 17<\/strong>: Gran Premio de Azerbaiy\u00e1n en Bak\u00fa (15 de septiembre)<\/p>\n<p><strong>FECHA 18<\/strong>: Gran Premio de Singapur en Marina Bay (22 de septiembre)<\/p>\n<p><strong>FECHA 19<\/strong>: Gran Premio de Estados Unidos en Texas (20 de octubre) *<\/p>\n<p><strong>FECHA 20<\/strong>: Gran Premio de M\u00e9xico en Ciudad de M\u00e9xico (27 de octubre)<\/p>\n<p><strong>FECHA 21<\/strong>: Gran Premio de San Pablo en Interlagos (3 de noviembre) *<\/p>\n<p><strong>FECHA 22<\/strong>: Gran Premio de Las Vegas en Nevada (23 de noviembre)<\/p>\n<p><strong>FECHA 23<\/strong>: Gran Premio de Qatar en Lusail (1 de diciembre) *<\/p>\n<p><strong>FECHA 24<\/strong>: Gran Premio de Abu Dhabi en Yas Marina (8 de diciembre)<\/p>\n<p>Los medios especializados afirman que el argentino super\u00f3 a grandes canditatos como Mick Schumacher (25 a\u00f1os) y al neoceland\u00e9s, Liam Lawson (22 a\u00f1os) que pertenece a la academia Red Bull. Vale recordar que una semana despu\u00e9s de haber sido confirmado en la F\u00f3rmula 2 para la temporada entrante, Colapinto se subi\u00f3 por primera vez el FW45 de Williams en el circuito Yas Marina de Abu Dhabi. <strong>(VW)<\/strong><\/p>\n<p>&nbsp;<\/p>\n","protected":false},"excerpt":{"rendered":"<p>Debutar\u00e1 en la butaca de Williams el 1 de septiembre en el Gran Premio de Italia. La escuder\u00eda de Grove decidi\u00f3 cortar el contrato con Logan Sargeant tras el brutal accidente que protagoniz\u00f3 en&#46;&#46;&#46;<\/p>\n","protected":false},"author":4,"featured_media":15630,"comment_status":"closed","ping_status":"closed","sticky":false,"template":"","format":"standard","meta":{"_monsterinsights_skip_tracking":false,"_monsterinsights_sitenote_active":false,"_monsterinsights_sitenote_note":"","_monsterinsights_sitenote_category":0,"footnotes":""},"categories":[8],"tags":[6621,6622,6624,6623],"class_list":["post-15629","post","type-post","status-publish","format-standard","has-post-thumbnail","hentry","category-interes-general","tag-formula-1","tag-franco-colapinto","tag-gran-premio-de-italia","tag-williams"],"_links":{"self":[{"href":"https:\/\/www.visionweb.com.ar\/index.php?rest_route=\/wp\/v2\/posts\/15629","targetHints":{"allow":["GET"]}}],"collection":[{"href":"https:\/\/www.visionweb.com.ar\/index.php?rest_route=\/wp\/v2\/posts"}],"about":[{"href":"https:\/\/www.visionweb.com.ar\/index.php?rest_route=\/wp\/v2\/types\/post"}],"author":[{"embeddable":true,"href":"https:\/\/www.visionweb.com.ar\/index.php?rest_route=\/wp\/v2\/users\/4"}],"replies":[{"embeddable":true,"href":"https:\/\/www.visionweb.com.ar\/index.php?rest_route=%2Fwp%2Fv2%2Fcomments&post=15629"}],"version-history":[{"count":1,"href":"https:\/\/www.visionweb.com.ar\/index.php?rest_route=\/wp\/v2\/posts\/15629\/revisions"}],"predecessor-version":[{"id":15631,"href":"https:\/\/www.visionweb.com.ar\/index.php?rest_route=\/wp\/v2\/posts\/15629\/revisions\/15631"}],"wp:featuredmedia":[{"embeddable":true,"href":"https:\/\/www.visionweb.com.ar\/index.php?rest_route=\/wp\/v2\/media\/15630"}],"wp:attachment":[{"href":"https:\/\/www.visionweb.com.ar\/index.php?rest_route=%2Fwp%2Fv2%2Fmedia&parent=15629"}],"wp:term":[{"taxonomy":"category","embeddable":true,"href":"https:\/\/www.visionweb.com.ar\/index.php?rest_route=%2Fwp%2Fv2%2Fcategories&post=15629"},{"taxonomy":"post_tag","embeddable":true,"href":"https:\/\/www.visionweb.com.ar\/index.php?rest_route=%2Fwp%2Fv2%2Ftags&post=15629"}],"curies":[{"name":"wp","href":"https:\/\/api.w.org\/{rel}","templated":true}]}}