{"id":15626,"date":"2024-08-28T19:48:15","date_gmt":"2024-08-28T22:48:15","guid":{"rendered":"https:\/\/www.visionweb.com.ar\/?p=15626"},"modified":"2024-08-28T19:48:15","modified_gmt":"2024-08-28T22:48:15","slug":"el-gobierno-elimino-el-pago-a-sadaic-por-pasar-musica-en-fiestas-privadas","status":"publish","type":"post","link":"https:\/\/www.visionweb.com.ar\/?p=15626","title":{"rendered":"El Gobierno elimin\u00f3 el pago a Sadaic por pasar m\u00fasica en fiestas privadas"},"content":{"rendered":"<p><em><strong>Se desregul\u00f3 el cobro por derechos de autor de obras art\u00edsticas como m\u00fasica y pel\u00edculas que se reproduzcan en el \u00e1mbito privado. Salones y hoteles ya no deber\u00e1n pagar por pasar m\u00fasica en privado.<\/strong><\/em><!--more--><\/p>\n<p><strong>\u00a0 <img loading=\"lazy\" decoding=\"async\" class=\"size-medium wp-image-15627 alignright\" src=\"https:\/\/www.visionweb.com.ar\/wp-content\/uploads\/2024\/08\/sadaic-300x150.png\" alt=\"\" width=\"300\" height=\"150\" srcset=\"https:\/\/www.visionweb.com.ar\/wp-content\/uploads\/2024\/08\/sadaic-300x150.png 300w, https:\/\/www.visionweb.com.ar\/wp-content\/uploads\/2024\/08\/sadaic.png 519w\" sizes=\"auto, (max-width: 300px) 100vw, 300px\" \/>\u00a0\u00a0 E<\/strong>l <strong>Gobierno nacional<\/strong> modific\u00f3 este mi\u00e9rcoles un aspecto de la <strong>Ley de Propiedad Intelectual<\/strong> a partir del cual ya no ser\u00e1 obligatorio el pago de un canon a la <strong>Sociedad Argentina de Autores y Compositores (Sadaic)<\/strong> para reproducir o ejecutar m\u00fasica en eventos privados.<\/p>\n<p>Mediante el <strong>decreto 765\/2024<\/strong>, publicado en el <strong>Bolet\u00edn Oficial<\/strong>, se inform\u00f3 que fue remplazado el art\u00edculo 33 de la ley de Propiedad Intelectual (11.723), que originalmente establec\u00eda que se entend\u00eda como representaci\u00f3n o ejecuci\u00f3n p\u00fablica \u201caquella que se efect\u00fae en cualquier lugar que no sea un domicilio privado y, aun dentro de \u00e9ste, cuando la representaci\u00f3n o ejecuci\u00f3n sea proyectada o propalada al exterior\u201d.<\/p>\n<p>El nuevo decreto introduce cambios al respecto. En primer lugar, dispone que se entiende por representaci\u00f3n o ejecuci\u00f3n p\u00fablica \u201caquella que se efect\u00fae -cualquiera que fueren los fines de la misma- en un espacio de acceso p\u00fablico, libre y dirigido a una pluralidad de personas\u201d, inform\u00f3 Agencia DIB.<\/p>\n<p>Adem\u00e1s, la modificaci\u00f3n detalla: \u201cNo existe representaci\u00f3n o ejecuci\u00f3n p\u00fablica cuando la misma se desarrolla en un \u00e1mbito privado, sea \u00e9ste de ocupaci\u00f3n permanente o temporal\u201d.<\/p>\n<p>En ese marco, agrega que se considerar\u00e1 ejecuci\u00f3n p\u00fablica de una obra musical o cinematogr\u00e1fica, discos, films sonoros, transmisiones radiotelef\u00f3nicas y su retransmisi\u00f3n o difusi\u00f3n por altavoces \u201cla que se efect\u00fae por ejecutantes o por cantantes, as\u00ed como tambi\u00e9n la que se realice por medios mec\u00e1nicos, electr\u00f3nicos o digitales, incluyendo Internet\u201d.<\/p>\n<p>No obstante, se indica que cualquier persona que obtenga un beneficio econ\u00f3mico directo o indirecto por la ejecuci\u00f3n p\u00fablica de una obra \u201cdebe proporcionar una compensaci\u00f3n justa a los titulares de los derechos\u201d.<\/p>\n<p>Esto incluye a quienes utilizan la obra \u201cde manera ocasional o permanente\u201d en actividades comerciales, como bares, restaurantes, gimnasios y otros establecimientos similares aclara el texto.<\/p>\n<p>Esa compensaci\u00f3n no ser\u00e1 necesaria de abonar cuando las obras se utilicen \u201ccon fines did\u00e1cticos en establecimientos educativos o durante conmemoraciones patri\u00f3ticas en instituciones oficiales\u201d.<\/p>\n<p>Los cambios:<\/p>\n<ul>\n<li>El recientemente publicado art\u00edculo 33 establece que la ejecuci\u00f3n p\u00fablica se refiere a cualquier representaci\u00f3n de una obra en un espacio de acceso p\u00fablico, dirigida a una pluralidad de personas, independientemente de los fines que persiga dicha representaci\u00f3n. Esta definici\u00f3n incluye tanto las ejecuciones realizadas en vivo por artistas, como aquellas que se realizan a trav\u00e9s de medios mec\u00e1nicos, electr\u00f3nicos o digitales, como es el caso de las transmisiones por radio, televisi\u00f3n, altavoces e Internet.<\/li>\n<li>Si una obra es interpretada en un lugar de acceso restringido y no est\u00e1 abierta al p\u00fablico general, no se considerar\u00e1 una ejecuci\u00f3n p\u00fablica bajo esta nueva normativa. Es decir, no habr\u00e1 que pagar el canon en reuniones familiares y fiestas privadas.<\/li>\n<li>La modificaci\u00f3n del art\u00edculo 35 del Decreto N\u00b0 41.223\/34 refuerza la protecci\u00f3n de los derechos de autor, ya que establece que ninguna obra musical, cinematogr\u00e1fica o fonogr\u00e1fica podr\u00e1 ser ejecutada p\u00fablicamente o transmitida por cualquier medio sin la autorizaci\u00f3n expresa de los titulares de derechos, sus representantes o las sociedades de gesti\u00f3n colectiva correspondientes.<\/li>\n<li>Se introduce el concepto de remuneraci\u00f3n equitativa para los titulares de derechos cuando sus obras son utilizadas en establecimientos que obtienen un beneficio econ\u00f3mico, directo o indirecto, por la ejecuci\u00f3n p\u00fablica de dichas obras.<\/li>\n<li>Se ampl\u00eda la definici\u00f3n de ejecuci\u00f3n p\u00fablica para incluir transmisiones por medios electr\u00f3nicos o digitales, como Internet, lo que refleja la creciente importancia de estas plataformas en la difusi\u00f3n de obras musicales, cinematogr\u00e1ficas y fonogr\u00e1ficas.<\/li>\n<li>No est\u00e1 especificado c\u00f3mo ser\u00e1 el pago para los autores y de qu\u00e9 forma se determina cu\u00e1les ser\u00e1n las publicaciones en internet que se abonan y las que no.<\/li>\n<li>No ser\u00e1 necesario pagar por su uso en tanto la reproducci\u00f3n tenga \u201ccar\u00e1cter did\u00e1ctico\u201d o sean \u201cconmemoraciones patri\u00f3ticas en establecimientos educacionales oficiales o autorizados por el Estado\u201d. <strong>(VW)<\/strong><\/li>\n<\/ul>\n","protected":false},"excerpt":{"rendered":"<p>Se desregul\u00f3 el cobro por derechos de autor de obras art\u00edsticas como m\u00fasica y pel\u00edculas que se reproduzcan en el \u00e1mbito privado. Salones y hoteles ya no deber\u00e1n pagar por pasar m\u00fasica en privado.<\/p>\n","protected":false},"author":4,"featured_media":15627,"comment_status":"closed","ping_status":"closed","sticky":false,"template":"","format":"standard","meta":{"_monsterinsights_skip_tracking":false,"_monsterinsights_sitenote_active":false,"_monsterinsights_sitenote_note":"","_monsterinsights_sitenote_category":0,"footnotes":""},"categories":[8,4],"tags":[6619,6620],"class_list":["post-15626","post","type-post","status-publish","format-standard","has-post-thumbnail","hentry","category-interes-general","category-politica","tag-desregulacion-de-derechos-de-autor","tag-sadaic"],"_links":{"self":[{"href":"https:\/\/www.visionweb.com.ar\/index.php?rest_route=\/wp\/v2\/posts\/15626","targetHints":{"allow":["GET"]}}],"collection":[{"href":"https:\/\/www.visionweb.com.ar\/index.php?rest_route=\/wp\/v2\/posts"}],"about":[{"href":"https:\/\/www.visionweb.com.ar\/index.php?rest_route=\/wp\/v2\/types\/post"}],"author":[{"embeddable":true,"href":"https:\/\/www.visionweb.com.ar\/index.php?rest_route=\/wp\/v2\/users\/4"}],"replies":[{"embeddable":true,"href":"https:\/\/www.visionweb.com.ar\/index.php?rest_route=%2Fwp%2Fv2%2Fcomments&post=15626"}],"version-history":[{"count":1,"href":"https:\/\/www.visionweb.com.ar\/index.php?rest_route=\/wp\/v2\/posts\/15626\/revisions"}],"predecessor-version":[{"id":15628,"href":"https:\/\/www.visionweb.com.ar\/index.php?rest_route=\/wp\/v2\/posts\/15626\/revisions\/15628"}],"wp:featuredmedia":[{"embeddable":true,"href":"https:\/\/www.visionweb.com.ar\/index.php?rest_route=\/wp\/v2\/media\/15627"}],"wp:attachment":[{"href":"https:\/\/www.visionweb.com.ar\/index.php?rest_route=%2Fwp%2Fv2%2Fmedia&parent=15626"}],"wp:term":[{"taxonomy":"category","embeddable":true,"href":"https:\/\/www.visionweb.com.ar\/index.php?rest_route=%2Fwp%2Fv2%2Fcategories&post=15626"},{"taxonomy":"post_tag","embeddable":true,"href":"https:\/\/www.visionweb.com.ar\/index.php?rest_route=%2Fwp%2Fv2%2Ftags&post=15626"}],"curies":[{"name":"wp","href":"https:\/\/api.w.org\/{rel}","templated":true}]}}