{"id":15624,"date":"2024-08-28T08:58:58","date_gmt":"2024-08-28T11:58:58","guid":{"rendered":"https:\/\/www.visionweb.com.ar\/?p=15624"},"modified":"2024-08-28T08:58:58","modified_gmt":"2024-08-28T11:58:58","slug":"los-medicos-cardiologos-no-realizaran-practicas-programadas","status":"publish","type":"post","link":"https:\/\/www.visionweb.com.ar\/?p=15624","title":{"rendered":"Los m\u00e9dicos cardi\u00f3logos  no realizar\u00e1n pr\u00e1cticas programadas"},"content":{"rendered":"<p><em><strong>Se trata de una medida de protesta de los m\u00e9dicos cardi\u00f3logos intervencionistas de todo el pa\u00eds, que se llevar\u00e1 a cabo entre el mi\u00e9rcoles 28 y el jueves 29, en reclamo por los \u201chonorarios bajos y falta de insumos\u201d.<\/strong><\/em><!--more--><\/p>\n<p><img loading=\"lazy\" decoding=\"async\" class=\"size-medium wp-image-39 alignright\" src=\"https:\/\/www.visionweb.com.ar\/wp-content\/uploads\/2020\/07\/SOCIEDAD-MEDICOS-SALUD-300x150.png\" alt=\"\" width=\"300\" height=\"150\" srcset=\"https:\/\/www.visionweb.com.ar\/wp-content\/uploads\/2020\/07\/SOCIEDAD-MEDICOS-SALUD-300x150.png 300w, https:\/\/www.visionweb.com.ar\/wp-content\/uploads\/2020\/07\/SOCIEDAD-MEDICOS-SALUD.png 640w\" sizes=\"auto, (max-width: 300px) 100vw, 300px\" \/>Los\u00a0<strong>m\u00e9dicos cardi\u00f3logos intervencionistas<\/strong>\u00a0de todo el pa\u00eds resolvieron no efectuar ninguna pr\u00e1ctica programada de\u00a0<strong>colocaci\u00f3n de stents<\/strong>\u00a0ni de\u00a0<strong>angioplastia<\/strong>\u00a0por 48 horas. La medida, que se realizar\u00e1 entre el mi\u00e9rcoles y el jueves, fue adoptada ante la\u00a0<strong>\u201cacuciante situaci\u00f3n econ\u00f3mica\u201d<\/strong>\u00a0que atraviesa el sector de la cardiolog\u00eda intervencionista con\u00a0<strong>\u201chonorarios bajos y falta de insumos\u201d<\/strong>, dijeron desde el sector.<\/p>\n<p>No obstante la medida de protesta, los profesionales mantendr\u00e1n las guardias para garantizar la realizaci\u00f3n de estas pr\u00e1cticas de urgencia.<\/p>\n<p>La huelga estaba pautada para mediados de este mes pero se concretar\u00e1 esta semana, el mi\u00e9rcoles y jueves 28 y 29 de agosto. As\u00ed lo se\u00f1ala un comunicado firmado por las autoridades del\u00a0<strong>Colegio Argentino de Cardioangi\u00f3logos Intervencionistas (CACI), inform\u00f3 la agencia DIB.<\/strong><\/p>\n<p>\u201cLos m\u00e9dicos cardi\u00f3logos han decidido suspender la colocaci\u00f3n de stents y la realizaci\u00f3n de angioplastias durante dos d\u00edas, comenzando el 28 de agosto\u201d. Esta medida de fuerza se debe a los \u201chonorarios baj\u00edsimos y falta de insumos y la crisis econ\u00f3mica que atraviesa el sector de la cardiolog\u00eda intervencionista en Argentina\u201d, se\u00f1alaron desde el CACI.<\/p>\n<p>Los profesionales de la entidad comunicaron que \u00fanicamente se atender\u00e1n las urgencias. \u201cPara llamar la atenci\u00f3n sobre la gravedad de la situaci\u00f3n, los cardi\u00f3logos instan al Gobierno nacional a intervenir urgentemente convocando al di\u00e1logo para solucionar este conflicto\u201d.<\/p>\n<p>El CACI\u00a0declar\u00f3 hace tres meses la especialidad en estado de emergencia\u00a0y calific\u00f3 la situaci\u00f3n como una \u201ctormenta perfecta\u201d.<\/p>\n<p><strong>Alfredo Bravo<\/strong>, vicepresidente del CACI, detall\u00f3 en di\u00e1logo con\u00a0<strong>Infobae<\/strong> que \u201cla medida se hab\u00eda pautado para el 13 y 14, pero motiv\u00f3 el cambio de la fecha que est\u00e1bamos negociando con diferentes financiadores y al no tener respuesta seguimos adelante con este paro simb\u00f3lico para que la gente tome conciencia de la situaci\u00f3n cr\u00edtica que estamos viviendo en la salud espec\u00edficamente en el \u00e1rea cardiovascular\u201d<strong>(VW)<\/strong>.<\/p>\n<p>&nbsp;<\/p>\n","protected":false},"excerpt":{"rendered":"<p>Se trata de una medida de protesta de los m\u00e9dicos cardi\u00f3logos intervencionistas de todo el pa\u00eds, que se llevar\u00e1 a cabo entre el mi\u00e9rcoles 28 y el jueves 29, en reclamo por los \u201chonorarios&#46;&#46;&#46;<\/p>\n","protected":false},"author":3,"featured_media":39,"comment_status":"closed","ping_status":"closed","sticky":false,"template":"","format":"standard","meta":{"_monsterinsights_skip_tracking":false,"_monsterinsights_sitenote_active":false,"_monsterinsights_sitenote_note":"","_monsterinsights_sitenote_category":0,"footnotes":""},"categories":[8],"tags":[6616,6617,677,6618],"class_list":["post-15624","post","type-post","status-publish","format-standard","has-post-thumbnail","hentry","category-interes-general","tag-cardiologos","tag-intervenciones","tag-medicos","tag-practicas"],"_links":{"self":[{"href":"https:\/\/www.visionweb.com.ar\/index.php?rest_route=\/wp\/v2\/posts\/15624","targetHints":{"allow":["GET"]}}],"collection":[{"href":"https:\/\/www.visionweb.com.ar\/index.php?rest_route=\/wp\/v2\/posts"}],"about":[{"href":"https:\/\/www.visionweb.com.ar\/index.php?rest_route=\/wp\/v2\/types\/post"}],"author":[{"embeddable":true,"href":"https:\/\/www.visionweb.com.ar\/index.php?rest_route=\/wp\/v2\/users\/3"}],"replies":[{"embeddable":true,"href":"https:\/\/www.visionweb.com.ar\/index.php?rest_route=%2Fwp%2Fv2%2Fcomments&post=15624"}],"version-history":[{"count":1,"href":"https:\/\/www.visionweb.com.ar\/index.php?rest_route=\/wp\/v2\/posts\/15624\/revisions"}],"predecessor-version":[{"id":15625,"href":"https:\/\/www.visionweb.com.ar\/index.php?rest_route=\/wp\/v2\/posts\/15624\/revisions\/15625"}],"wp:featuredmedia":[{"embeddable":true,"href":"https:\/\/www.visionweb.com.ar\/index.php?rest_route=\/wp\/v2\/media\/39"}],"wp:attachment":[{"href":"https:\/\/www.visionweb.com.ar\/index.php?rest_route=%2Fwp%2Fv2%2Fmedia&parent=15624"}],"wp:term":[{"taxonomy":"category","embeddable":true,"href":"https:\/\/www.visionweb.com.ar\/index.php?rest_route=%2Fwp%2Fv2%2Fcategories&post=15624"},{"taxonomy":"post_tag","embeddable":true,"href":"https:\/\/www.visionweb.com.ar\/index.php?rest_route=%2Fwp%2Fv2%2Ftags&post=15624"}],"curies":[{"name":"wp","href":"https:\/\/api.w.org\/{rel}","templated":true}]}}