{"id":15621,"date":"2024-08-27T16:05:55","date_gmt":"2024-08-27T19:05:55","guid":{"rendered":"https:\/\/www.visionweb.com.ar\/?p=15621"},"modified":"2024-08-27T16:05:55","modified_gmt":"2024-08-27T19:05:55","slug":"milei-presiona-por-boleta-unica-y-fin-de-las-paso-para-las-elecciones-2025","status":"publish","type":"post","link":"https:\/\/www.visionweb.com.ar\/?p=15621","title":{"rendered":"Milei presiona por boleta \u00fanica y fin de las PASO para las elecciones 2025"},"content":{"rendered":"<p><em><strong>El Gobierno de Javier Milei apuesta a una reforma para las pr\u00f3ximas elecciones. En la Provincia podr\u00eda haber elecciones concurrentes.<\/strong><\/em><!--more--><\/p>\n<p><strong> <img loading=\"lazy\" decoding=\"async\" class=\"size-full wp-image-10633 alignright\" src=\"https:\/\/www.visionweb.com.ar\/wp-content\/uploads\/2023\/05\/elecciones.png\" alt=\"\" width=\"240\" height=\"135\" \/>\u00a0\u00a0 E<\/strong>l Gobierno de <strong>Javier Milei <\/strong>avanza con la intenci\u00f3n de llevar adelante una reforma electoral que, si bien depende de lo que defina el Congreso, y en ese sentido el titular de\u00a0<strong>Interior, Lisandro Catal\u00e1n<\/strong>, defendi\u00f3 el sistema de\u00a0<strong>boleta \u00fanica y de eliminaci\u00f3n de las\u00a0PASO.<\/strong><\/p>\n<p><strong>\u201cLa boleta \u00fanica, <\/strong>adem\u00e1s de ser un requerimiento de la sociedad,<strong> trae aparejado una simplificaci\u00f3n del sistema electoral, igualdad de oportunidades de participaci\u00f3n a todos los partidos pol\u00edticos, un <\/strong>ahorro importante<strong> en el despliegue de la organizaci\u00f3n en proceso eleccionario para todos los argentinos a trav\u00e9s del <\/strong>gasto del Estado<strong>\u201d<\/strong>, dijo el funcionario.<\/p>\n<p><strong>\u00abNosotros nos adecuaremos y respetaremos lo que los senadores deciden respecto a eso\u201d<\/strong>, dijo Catal\u00e1n, y agreg\u00f3 que \u00abtodo el sistema pol\u00edtico tiene conciencia de que es necesario una simplificaci\u00f3n del sistema electoral y en este caso de boleta \u00fanica\u201d.<\/p>\n<p>En ese orden, record\u00f3 que \u201cel proyecto de boleta \u00fanica es un proyecto que viene de Diputados, que fue aprobado por media sanci\u00f3n el a\u00f1o pasado\u00bb, una propuesta de ex Juntos por el Cambio.<\/p>\n<p>\u201cLa necesidad y el reclamo ciudadano de simplificar el sistema electoral es transversal a toda la pol\u00edtica, no creo que en este tema en particular haya mezquindades partidarias o de bloque\u201d, plante\u00f3 el funcionario.<\/p>\n<p>En otro plano, sostuvo que \u201cel Gobierno tiene la voluntad de hacer una reforma pol\u00edtica integral con algunas cuestiones que tambi\u00e9n apuntan a la simplificaci\u00f3n y modernizaci\u00f3n del sistema electoral y sobre todo a darle menos carga a la ciudadan\u00eda\u00bb y que\u00a0<strong>\u00abuna de esas propuestas que est\u00e1 en estudio puede ser la eliminaci\u00f3n de las PASO\u201d.<\/strong><\/p>\n<p><strong><img loading=\"lazy\" decoding=\"async\" class=\"size-full wp-image-5977 alignleft\" src=\"https:\/\/www.visionweb.com.ar\/wp-content\/uploads\/2022\/06\/boleta-unica-3.bmp\" alt=\"\" width=\"488\" height=\"311\" \/>Habr\u00eda elecciones concurrentes en la provincia de Buenos Aires<\/strong><\/p>\n<p>La discusi\u00f3n por la boleta \u00fanica en papel ven\u00eda sobre rieles en el Senado de la Naci\u00f3n, pero qued\u00f3 estancada por diversos vaivenes pol\u00edticos. Si avanza para las pr\u00f3ximas elecciones, habr\u00eda un escenario diferente en la Provincia.<\/p>\n<p>Ser\u00eda dif\u00edcil que prosperen los planes de la oposici\u00f3n para dar lugar a esa forma de votar en el terreno bonaerense, pero si avanza en Naci\u00f3n,\u00a0<strong>dar\u00eda lugar a las llamadas elecciones concurrentes<\/strong>.<\/p>\n<p>En concreto, se trata de la puesta en marcha de la votaci\u00f3n de cargos nacionales; y cargos provinciales y locales <strong>en una misma fecha<\/strong>, pero utilizando <strong>dos sistemas de votaci\u00f3n diferentes<\/strong>.<\/p>\n<p>Entonces, de aprobarse la boleta \u00fanica en papel a nivel nacional, los bonaerenses usar\u00edan ese sistema para elegir a los aspirantes a diputados nacionales, en tanto que para elegir a\u00a0<strong>diputados y senadores provinciales (seg\u00fan corresponda), concejales y consejeros escolares, lo har\u00e1n con la boleta s\u00e1bana tradicional, pero en un mismo d\u00eda. (VW)<\/strong><\/p>\n<p>&nbsp;<\/p>\n","protected":false},"excerpt":{"rendered":"<p>El Gobierno de Javier Milei apuesta a una reforma para las pr\u00f3ximas elecciones. En la Provincia podr\u00eda haber elecciones concurrentes.<\/p>\n","protected":false},"author":4,"featured_media":10633,"comment_status":"closed","ping_status":"closed","sticky":false,"template":"","format":"standard","meta":{"_monsterinsights_skip_tracking":false,"_monsterinsights_sitenote_active":false,"_monsterinsights_sitenote_note":"","_monsterinsights_sitenote_category":0,"footnotes":""},"categories":[4],"tags":[2237,6614,6615,4530],"class_list":["post-15621","post","type-post","status-publish","format-standard","has-post-thumbnail","hentry","category-politica","tag-boleta-unica","tag-elecciones-2025","tag-fin-de-las-paso","tag-milei"],"_links":{"self":[{"href":"https:\/\/www.visionweb.com.ar\/index.php?rest_route=\/wp\/v2\/posts\/15621","targetHints":{"allow":["GET"]}}],"collection":[{"href":"https:\/\/www.visionweb.com.ar\/index.php?rest_route=\/wp\/v2\/posts"}],"about":[{"href":"https:\/\/www.visionweb.com.ar\/index.php?rest_route=\/wp\/v2\/types\/post"}],"author":[{"embeddable":true,"href":"https:\/\/www.visionweb.com.ar\/index.php?rest_route=\/wp\/v2\/users\/4"}],"replies":[{"embeddable":true,"href":"https:\/\/www.visionweb.com.ar\/index.php?rest_route=%2Fwp%2Fv2%2Fcomments&post=15621"}],"version-history":[{"count":1,"href":"https:\/\/www.visionweb.com.ar\/index.php?rest_route=\/wp\/v2\/posts\/15621\/revisions"}],"predecessor-version":[{"id":15622,"href":"https:\/\/www.visionweb.com.ar\/index.php?rest_route=\/wp\/v2\/posts\/15621\/revisions\/15622"}],"wp:featuredmedia":[{"embeddable":true,"href":"https:\/\/www.visionweb.com.ar\/index.php?rest_route=\/wp\/v2\/media\/10633"}],"wp:attachment":[{"href":"https:\/\/www.visionweb.com.ar\/index.php?rest_route=%2Fwp%2Fv2%2Fmedia&parent=15621"}],"wp:term":[{"taxonomy":"category","embeddable":true,"href":"https:\/\/www.visionweb.com.ar\/index.php?rest_route=%2Fwp%2Fv2%2Fcategories&post=15621"},{"taxonomy":"post_tag","embeddable":true,"href":"https:\/\/www.visionweb.com.ar\/index.php?rest_route=%2Fwp%2Fv2%2Ftags&post=15621"}],"curies":[{"name":"wp","href":"https:\/\/api.w.org\/{rel}","templated":true}]}}