{"id":15619,"date":"2024-08-27T14:51:21","date_gmt":"2024-08-27T17:51:21","guid":{"rendered":"https:\/\/www.visionweb.com.ar\/?p=15619"},"modified":"2024-08-27T14:51:21","modified_gmt":"2024-08-27T17:51:21","slug":"viruela-de-mono-la-oms-lanzo-el-plan-estrategico-mundial-de-preparacion-y-respuesta","status":"publish","type":"post","link":"https:\/\/www.visionweb.com.ar\/?p=15619","title":{"rendered":"Viruela de mono: La OMS lanz\u00f3 el Plan Estrat\u00e9gico Mundial de Preparaci\u00f3n y respuesta"},"content":{"rendered":"<p><em><strong>Recomiendan la vacunaci\u00f3n de contactos cercanos y personal de salud, y se confirm\u00f3 qui\u00e9nes deber\u00edan usar barbijo, en medio de la alerta internacional por el brote de viruela de mono.<\/strong><\/em><!--more--><\/p>\n<p><strong>\u00a0\u00a0 <img loading=\"lazy\" decoding=\"async\" class=\"size-medium wp-image-7632 alignright\" src=\"https:\/\/www.visionweb.com.ar\/wp-content\/uploads\/2022\/10\/VACUNA-VIRUELA-300x169.png\" alt=\"\" width=\"300\" height=\"169\" srcset=\"https:\/\/www.visionweb.com.ar\/wp-content\/uploads\/2022\/10\/VACUNA-VIRUELA-300x169.png 300w, https:\/\/www.visionweb.com.ar\/wp-content\/uploads\/2022\/10\/VACUNA-VIRUELA-768x432.png 768w, https:\/\/www.visionweb.com.ar\/wp-content\/uploads\/2022\/10\/VACUNA-VIRUELA.png 900w\" sizes=\"auto, (max-width: 300px) 100vw, 300px\" \/>\u00a0 L<\/strong>a<strong> Organizaci\u00f3n Mundial de la Salud (OMS) <\/strong>lanz\u00f3 hoy un<strong>\u00a0Plan Estrat\u00e9gico Mundial de Preparaci\u00f3n y Respuesta <\/strong>con el fin de<strong> detener los brotes de viruela de mono, <\/strong>y confirm\u00f3 qui\u00e9nes deber\u00edan<strong> usar barbijo <\/strong>en medio de la alerta internacional por el brote de viruela de mono.<\/p>\n<p>Esto es por la alta peligrosidad en el contagio de la enfermedad que en \u00c1frica ya se cobr\u00f3 m\u00e1s de 400 muertes en lo que va del a\u00f1o.<\/p>\n<p>El Plan Estrat\u00e9gico Mundial de Preparaci\u00f3n y Respuesta\u00a0estar\u00e1 en vigor de septiembre de 2024 a febrero de 2025 y requerir\u00e1 un financiamiento de 135 millones de d\u00f3lares.<\/p>\n<p>Seg\u00fan confirm\u00f3 la OMS, este martes, recomend\u00f3 el<strong>\u00a0uso de barbijo<\/strong>\u00a0o\u00a0<strong>tapabocas<\/strong>\u00a0solo para el\u00a0<strong>personal de la salud<\/strong>\u00a0que atiende en los centros en los que est\u00e1\u00a0<strong>en contacto con enfermos de viruela de mono.<\/strong><\/p>\n<p>Del mismo modo,\u00a0<strong>quienes se encuentren al cuidado de qui\u00e9nes tengan confirmada la enfermedad<\/strong>\u00a0y, durante lo que dura el proceso, cuando se encuentren dentro o fuera del centro de salud, tienen\u00a0<strong>indicado el uso de barbijo para evitar contagiarse<\/strong>.<\/p>\n<p>Esto se debe a una\u00a0<strong>nueva subvariante<\/strong>\u00a0de\u00a0<strong>mpox (clado Ib)<\/strong>, que se aisl\u00f3 en la Rep\u00fablica Democr\u00e1tica del Congo (RDC), en la que, por<strong>\u00a0complicaciones del cuadro<\/strong>\u00a0y el<strong>\u00a0alto grado de contagio<\/strong>, comenzaron a contabilizarse las muertes, que llevaron a la OMS a emitir el alerta.<\/p>\n<p>A trav\u00e9s de la coordinaci\u00f3n de los esfuerzos globales, regionales y nacionales, el plan busca fortalecer las estrategias de vigilancia y respuesta, asegurar el acceso equitativo al diagn\u00f3stico y las vacunas.<\/p>\n<p>El<strong> plan de vacunaci\u00f3n <\/strong>ser\u00e1 para quienes se encuentren en situaci\u00f3n de<strong> mayor riesgo, como los contactos cercanos de los casos y los trabajadores de la salud. (VW)<\/strong><\/p>\n","protected":false},"excerpt":{"rendered":"<p>Recomiendan la vacunaci\u00f3n de contactos cercanos y personal de salud, y se confirm\u00f3 qui\u00e9nes deber\u00edan usar barbijo, en medio de la alerta internacional por el brote de viruela de mono.<\/p>\n","protected":false},"author":4,"featured_media":7632,"comment_status":"closed","ping_status":"closed","sticky":false,"template":"","format":"standard","meta":{"_monsterinsights_skip_tracking":false,"_monsterinsights_sitenote_active":false,"_monsterinsights_sitenote_note":"","_monsterinsights_sitenote_category":0,"footnotes":""},"categories":[8],"tags":[1442,6613,6612,2338],"class_list":["post-15619","post","type-post","status-publish","format-standard","has-post-thumbnail","hentry","category-interes-general","tag-oms","tag-plan-estrategico","tag-vacunacion-y-uso-barbijo","tag-viruela-del-mono"],"_links":{"self":[{"href":"https:\/\/www.visionweb.com.ar\/index.php?rest_route=\/wp\/v2\/posts\/15619","targetHints":{"allow":["GET"]}}],"collection":[{"href":"https:\/\/www.visionweb.com.ar\/index.php?rest_route=\/wp\/v2\/posts"}],"about":[{"href":"https:\/\/www.visionweb.com.ar\/index.php?rest_route=\/wp\/v2\/types\/post"}],"author":[{"embeddable":true,"href":"https:\/\/www.visionweb.com.ar\/index.php?rest_route=\/wp\/v2\/users\/4"}],"replies":[{"embeddable":true,"href":"https:\/\/www.visionweb.com.ar\/index.php?rest_route=%2Fwp%2Fv2%2Fcomments&post=15619"}],"version-history":[{"count":1,"href":"https:\/\/www.visionweb.com.ar\/index.php?rest_route=\/wp\/v2\/posts\/15619\/revisions"}],"predecessor-version":[{"id":15620,"href":"https:\/\/www.visionweb.com.ar\/index.php?rest_route=\/wp\/v2\/posts\/15619\/revisions\/15620"}],"wp:featuredmedia":[{"embeddable":true,"href":"https:\/\/www.visionweb.com.ar\/index.php?rest_route=\/wp\/v2\/media\/7632"}],"wp:attachment":[{"href":"https:\/\/www.visionweb.com.ar\/index.php?rest_route=%2Fwp%2Fv2%2Fmedia&parent=15619"}],"wp:term":[{"taxonomy":"category","embeddable":true,"href":"https:\/\/www.visionweb.com.ar\/index.php?rest_route=%2Fwp%2Fv2%2Fcategories&post=15619"},{"taxonomy":"post_tag","embeddable":true,"href":"https:\/\/www.visionweb.com.ar\/index.php?rest_route=%2Fwp%2Fv2%2Ftags&post=15619"}],"curies":[{"name":"wp","href":"https:\/\/api.w.org\/{rel}","templated":true}]}}