{"id":15616,"date":"2024-08-27T09:47:34","date_gmt":"2024-08-27T12:47:34","guid":{"rendered":"https:\/\/www.visionweb.com.ar\/?p=15616"},"modified":"2024-08-28T08:50:29","modified_gmt":"2024-08-28T11:50:29","slug":"lanus-la-oposicion-lamento-lasa-prioridades-del-intendente-julian-alvarezl","status":"publish","type":"post","link":"https:\/\/www.visionweb.com.ar\/?p=15616","title":{"rendered":"Lan\u00fas: La oposici\u00f3n \u00ablament\u00f3\u00bb las prioridades del intendente Juli\u00e1n \u00c1lvarez"},"content":{"rendered":"<p><em><strong>El bloque de la oposici\u00f3n lament\u00f3 que el bloque de lka oposici\u00f3n lament\u00f3 que la gesti\u00f3n del Intendente \u00c1lvarez no tenga como pol\u00edtica la seguridad.<\/strong><\/em>\u00a0 <!--more--><\/p>\n<p><img loading=\"lazy\" decoding=\"async\" class=\"size-medium wp-image-15617 alignright\" src=\"https:\/\/www.visionweb.com.ar\/wp-content\/uploads\/2024\/08\/DOCK-SUD-300x195.png\" alt=\"\" width=\"300\" height=\"195\" srcset=\"https:\/\/www.visionweb.com.ar\/wp-content\/uploads\/2024\/08\/DOCK-SUD-300x195.png 300w, https:\/\/www.visionweb.com.ar\/wp-content\/uploads\/2024\/08\/DOCK-SUD.png 640w\" sizes=\"auto, (max-width: 300px) 100vw, 300px\" \/>El bloque de concejales de Juntos por el Cambio justific\u00f3 en un comunicado de prensa su ausencia en la \u00faltima sesi\u00f3n extraordinaria del Concejo Deliberante, \u00a0y\u00a0<strong>denunciar lo que califican de \u201cfalta de gesti\u00f3n\u201d del intendente camporista\u00a0<\/strong>Juli\u00e1n \u00c1lvarez que afecta a la calidad de vida de todos los vecinos.<\/p>\n<p>\u201cNuestra ausencia en la sesi\u00f3n extraordinaria del viernes\u00a0<strong>se debi\u00f3 a los impedimentos del oficialismo sobre los pedidos de informes sobre seguridad en el distrito<\/strong>\u201d, dejaron en claro en un comunicado titulado Las prioridades del intendente de Lan\u00fas.<\/p>\n<p>En ese sentido, la oposici\u00f3n se\u00f1al\u00f3 que el jefe comunal comenz\u00f3 una nueva \u201cdisputa partidaria\u201d por el Puerto de Dock Sud para distraer las tensiones que existen en el distrito.\u00a0<strong>\u201cLa prioridad de los vecinos es otra: vivir seguros\u201d, afirmaron.<\/strong><\/p>\n<p>\u201cLan\u00fas sufre la\u00a0<strong>ola de inseguridad m\u00e1s grande de los \u00faltimos a\u00f1os con \u00edndices y estad\u00edsticas que si bien no se pueden medir por la falta de transparencia y el silencio de la gesti\u00f3n municipal\u00a0<\/strong>est\u00e1n entre los m\u00e1s altos de la provincia de Buenos Aires\u201d, lamentaron m\u00e1s tarde.<\/p>\n<p>Por este motivo, recordaron que\u00a0<strong>hace seis meses presentaron un pedido de informe respecto al Plan Seguridad 2024<\/strong>. Sin embargo, explicaron que la \u00fanica respuesta recibida fue la \u201ccensura\u201d que no les permite tratarlo en cada sesi\u00f3n del Concejo Deliberante.<\/p>\n<p>\u201c<strong>Para el intendente de Lan\u00fas la seguridad no es una pol\u00edtica de Estado<\/strong>. Los vecinos de Lan\u00fas merecen respuestas, respeto y seguridad\u201d, concluyeron.<\/p>\n<p><strong>\u00c1lavarez ser\u00e1 director en el consorcio Puerto Dock Sud<\/strong><\/p>\n<p>Por otra parte, el intendente \u00c1lvarez f<strong>ue designado por el gobernador bonaerense, Axel Kicillof,\u00a0 como director del Consorcio Puerto Dock Sud <\/strong>que controla uno de los principales puertos provinciales y est\u00e1 ubicado en Avellaneda.<\/p>\n<p>Por tanto, La C\u00e1mpora\u00a0<strong>se qued\u00f3 as\u00ed con uno de los nueve lugares del directorio del consorcio que maneja el puerto de Dock Sud<\/strong>. Junto con Lan\u00fas, el otro municipio que tiene participaci\u00f3n directa es Avellaneda, representada por Carlos Lombardo.<\/p>\n<p>La agrupaci\u00f3n kirchnerista gobierna Lan\u00fas y Quilmes, distrito cuya intendente, Mayra Mendoza, juega en tandem con \u00c1lvarez a la hora de esmerilar a Ferraresi quien responsabiliza al hijo de Cristina Kirchner de la derrota en las \u00faltimas elecciones y\u00a0<strong>postula a Kicillof para las presidenciales del 2027<\/strong>.<\/p>\n<p>Con \u00c1lvarez en el consorcio\u00a0<strong>los jefes comunales camporistas buscar\u00e1n que el puerto financie una serie de obras de pavimentaci\u00f3n en sus distritos\u00a0<\/strong>pues acusan al transporte de contenedores del destrozo que las calles que est\u00e1n masacradas hace a\u00f1os<strong>(VW)<\/strong>.<\/p>\n<p>&nbsp;<\/p>\n","protected":false},"excerpt":{"rendered":"<p>El bloque de la oposici\u00f3n lament\u00f3 que el bloque de lka oposici\u00f3n lament\u00f3 que la gesti\u00f3n del Intendente \u00c1lvarez no tenga como pol\u00edtica la seguridad.\u00a0<\/p>\n","protected":false},"author":3,"featured_media":15617,"comment_status":"closed","ping_status":"closed","sticky":false,"template":"","format":"standard","meta":{"_monsterinsights_skip_tracking":false,"_monsterinsights_sitenote_active":false,"_monsterinsights_sitenote_note":"","_monsterinsights_sitenote_category":0,"footnotes":""},"categories":[4],"tags":[1150,6611,6592],"class_list":["post-15616","post","type-post","status-publish","format-standard","has-post-thumbnail","hentry","category-politica","tag-alvarez","tag-directorio","tag-dock-sud"],"_links":{"self":[{"href":"https:\/\/www.visionweb.com.ar\/index.php?rest_route=\/wp\/v2\/posts\/15616","targetHints":{"allow":["GET"]}}],"collection":[{"href":"https:\/\/www.visionweb.com.ar\/index.php?rest_route=\/wp\/v2\/posts"}],"about":[{"href":"https:\/\/www.visionweb.com.ar\/index.php?rest_route=\/wp\/v2\/types\/post"}],"author":[{"embeddable":true,"href":"https:\/\/www.visionweb.com.ar\/index.php?rest_route=\/wp\/v2\/users\/3"}],"replies":[{"embeddable":true,"href":"https:\/\/www.visionweb.com.ar\/index.php?rest_route=%2Fwp%2Fv2%2Fcomments&post=15616"}],"version-history":[{"count":2,"href":"https:\/\/www.visionweb.com.ar\/index.php?rest_route=\/wp\/v2\/posts\/15616\/revisions"}],"predecessor-version":[{"id":15623,"href":"https:\/\/www.visionweb.com.ar\/index.php?rest_route=\/wp\/v2\/posts\/15616\/revisions\/15623"}],"wp:featuredmedia":[{"embeddable":true,"href":"https:\/\/www.visionweb.com.ar\/index.php?rest_route=\/wp\/v2\/media\/15617"}],"wp:attachment":[{"href":"https:\/\/www.visionweb.com.ar\/index.php?rest_route=%2Fwp%2Fv2%2Fmedia&parent=15616"}],"wp:term":[{"taxonomy":"category","embeddable":true,"href":"https:\/\/www.visionweb.com.ar\/index.php?rest_route=%2Fwp%2Fv2%2Fcategories&post=15616"},{"taxonomy":"post_tag","embeddable":true,"href":"https:\/\/www.visionweb.com.ar\/index.php?rest_route=%2Fwp%2Fv2%2Ftags&post=15616"}],"curies":[{"name":"wp","href":"https:\/\/api.w.org\/{rel}","templated":true}]}}