{"id":15614,"date":"2024-08-27T09:27:28","date_gmt":"2024-08-27T12:27:28","guid":{"rendered":"https:\/\/www.visionweb.com.ar\/?p=15614"},"modified":"2024-08-27T09:27:28","modified_gmt":"2024-08-27T12:27:28","slug":"aerolineas-argentinas-dara-de-baja-la-ruta-del-corredor-atlantico","status":"publish","type":"post","link":"https:\/\/www.visionweb.com.ar\/?p=15614","title":{"rendered":"Aerol\u00edneas Argentinas dar\u00e1 de baja la ruta del Corredor Atl\u00e1ntico"},"content":{"rendered":"<p><em><strong>La medida estar\u00eda vinculada a los recortes en la compa\u00f1\u00eda. La ruta une las ciudades de Mar del Plata, Buenos Aires, Bah\u00eda Blanca, Trelew, Comodoro Rivadavia y R\u00edo Gallegos.<\/strong><\/em><!--more--><\/p>\n<p><strong><img loading=\"lazy\" decoding=\"async\" class=\"size-medium wp-image-13818 alignright\" src=\"https:\/\/www.visionweb.com.ar\/wp-content\/uploads\/2024\/03\/aerolineas-300x249.png\" alt=\"\" width=\"300\" height=\"249\" srcset=\"https:\/\/www.visionweb.com.ar\/wp-content\/uploads\/2024\/03\/aerolineas-300x249.png 300w, https:\/\/www.visionweb.com.ar\/wp-content\/uploads\/2024\/03\/aerolineas.png 393w\" sizes=\"auto, (max-width: 300px) 100vw, 300px\" \/>Aerol\u00edneas Argentinas dar\u00e1 de baja el Corredor Atl\u00e1ntico<\/strong>, la ruta a\u00e9rea que conectaba a Mar del Plata con otros cinco destinos del pa\u00eds: Buenos Aires, Bah\u00eda Blanca, Trelew, Comodoro Rivadavia y R\u00edo Gallegos. La medida, confirmada y publicada por el diario<a href=\"https:\/\/www.lacapitalmdp.com\/\">\u00a0La Capital de Mar del Plata,<\/a>\u00a0quedar\u00e1 efectivizada a partir del 1\u00ba de octubre. El primer vuelo de esta ruta se llev\u00f3 a cabo el 4 de julio de 2022.<\/p>\n<p>\u201cLa idea es optimizar las rutas.\u00a0<strong>El Corredor Atl\u00e1ntico partiendo desde Aeroparque no es eficiente como lo era el anterior<\/strong>, cuando sal\u00eda de Ezeiza\u201d, \u00a0indicaron a La Capital fuentes aeroportuarias. No obstante, hay versiones que indican que las conexiones se dar\u00e1n de baja durante todo octubre y noviembre, para luego retomarse en diciembre, posiblemente en el marco de las fiestas de fin de a\u00f1o, pero no est\u00e1n confirmadas ni se conoce qu\u00e9 pasar\u00e1 durante la temporada de verano.<\/p>\n<p>El contexto no queda desligado de esta medida. A fines de diciembre de 2023, con el cambio de gesti\u00f3n, asumi\u00f3 Fabi\u00e1n Lombardo como presidente y gerente general de la aerol\u00ednea de bandera, en reemplazo de Pablo Ceriani. En abril de este a\u00f1o, y en medio de los intentos del Gobierno Nacional de privatizar Aerol\u00edneas Argentinas,\u00a0<strong>Lombardo hab\u00eda adelantado en un duro mensaje interno a los empleados de la compa\u00f1\u00eda que iba a tener que tomar \u201cdecisiones dif\u00edciles\u201d.<\/strong><\/p>\n<p>\u201cEn un contexto en el que muchos argentinos est\u00e1n haciendo un gran esfuerzo por salir adelante, cada centavo que se aporta desde el Estado para que Aerol\u00edneas subsista tiene que ser y va a ser cuestionado.<strong>\u00a0Esto nos obligar\u00e1 a todos, y a m\u00ed en particular, a tomar decisiones dif\u00edciles.\u00a0<\/strong>Puede que no est\u00e9n de acuerdo en muchas de ellas, pero quiero asegurarles que las voy a tomar con el peso de la responsabilidad que cada una implique\u201d, subrayaba el funcionario en aquel comunicado.<\/p>\n<p>La decisi\u00f3n de dar de baja el Corredor Atl\u00e1ntico va en sinton\u00eda con la necesidad de \u201creducir a la mitad el d\u00e9ficit operativo de la empresa\u201d, tal como plante\u00f3 Lombardo a poco de asumir(VW).<\/p>\n","protected":false},"excerpt":{"rendered":"<p>La medida estar\u00eda vinculada a los recortes en la compa\u00f1\u00eda. La ruta une las ciudades de Mar del Plata, Buenos Aires, Bah\u00eda Blanca, Trelew, Comodoro Rivadavia y R\u00edo Gallegos.<\/p>\n","protected":false},"author":3,"featured_media":13818,"comment_status":"closed","ping_status":"closed","sticky":false,"template":"","format":"standard","meta":{"_monsterinsights_skip_tracking":false,"_monsterinsights_sitenote_active":false,"_monsterinsights_sitenote_note":"","_monsterinsights_sitenote_category":0,"footnotes":""},"categories":[700],"tags":[4578,946,2059,534],"class_list":["post-15614","post","type-post","status-publish","format-standard","has-post-thumbnail","hentry","category-turismo","tag-aa","tag-atlantica","tag-ruta","tag-vuelos"],"_links":{"self":[{"href":"https:\/\/www.visionweb.com.ar\/index.php?rest_route=\/wp\/v2\/posts\/15614","targetHints":{"allow":["GET"]}}],"collection":[{"href":"https:\/\/www.visionweb.com.ar\/index.php?rest_route=\/wp\/v2\/posts"}],"about":[{"href":"https:\/\/www.visionweb.com.ar\/index.php?rest_route=\/wp\/v2\/types\/post"}],"author":[{"embeddable":true,"href":"https:\/\/www.visionweb.com.ar\/index.php?rest_route=\/wp\/v2\/users\/3"}],"replies":[{"embeddable":true,"href":"https:\/\/www.visionweb.com.ar\/index.php?rest_route=%2Fwp%2Fv2%2Fcomments&post=15614"}],"version-history":[{"count":1,"href":"https:\/\/www.visionweb.com.ar\/index.php?rest_route=\/wp\/v2\/posts\/15614\/revisions"}],"predecessor-version":[{"id":15615,"href":"https:\/\/www.visionweb.com.ar\/index.php?rest_route=\/wp\/v2\/posts\/15614\/revisions\/15615"}],"wp:featuredmedia":[{"embeddable":true,"href":"https:\/\/www.visionweb.com.ar\/index.php?rest_route=\/wp\/v2\/media\/13818"}],"wp:attachment":[{"href":"https:\/\/www.visionweb.com.ar\/index.php?rest_route=%2Fwp%2Fv2%2Fmedia&parent=15614"}],"wp:term":[{"taxonomy":"category","embeddable":true,"href":"https:\/\/www.visionweb.com.ar\/index.php?rest_route=%2Fwp%2Fv2%2Fcategories&post=15614"},{"taxonomy":"post_tag","embeddable":true,"href":"https:\/\/www.visionweb.com.ar\/index.php?rest_route=%2Fwp%2Fv2%2Ftags&post=15614"}],"curies":[{"name":"wp","href":"https:\/\/api.w.org\/{rel}","templated":true}]}}