{"id":15611,"date":"2024-08-27T09:17:18","date_gmt":"2024-08-27T12:17:18","guid":{"rendered":"https:\/\/www.visionweb.com.ar\/?p=15611"},"modified":"2024-08-27T09:18:56","modified_gmt":"2024-08-27T12:18:56","slug":"sube-sin-boleto-integrado-el-gobierno-bonaerense-ira-a-la-corte","status":"publish","type":"post","link":"https:\/\/www.visionweb.com.ar\/?p=15611","title":{"rendered":"SUBE: El Gobierno bonaerense ir\u00e1 a la Corte"},"content":{"rendered":"<p><em><strong>El final de la denominada \u201cred SUBE\u201d para las l\u00edneas de transporte p\u00fablico provincial implica que cada pasaje deber\u00e1 abonarse en su totalidad.<\/strong><\/em><!--more--><\/p>\n<p><img loading=\"lazy\" decoding=\"async\" class=\"size-medium wp-image-9152 alignleft\" src=\"https:\/\/www.visionweb.com.ar\/wp-content\/uploads\/2023\/01\/tarjeta-sube-III-300x221.jpg\" alt=\"\" width=\"300\" height=\"221\" srcset=\"https:\/\/www.visionweb.com.ar\/wp-content\/uploads\/2023\/01\/tarjeta-sube-III-300x221.jpg 300w, https:\/\/www.visionweb.com.ar\/wp-content\/uploads\/2023\/01\/tarjeta-sube-III.bmp 400w\" sizes=\"auto, (max-width: 300px) 100vw, 300px\" \/>El gobierno nacional confirm\u00f3 que a partir del 1 de septiembre el descuento para los segundos y terceros viajes con la tarjeta SUBE alcanzar\u00e1 solo a quienes combinen servicios de transporte de jurisdicci\u00f3n nacional. En respuesta a ese anuncio, el ministro de Transporte bonaerense, Jorge D\u2019Onofrio, concluy\u00f3 que, en consecuencia,\u00a0<strong>\u201cel beneficio no va a existir, nadie combina solo l\u00edneas nacionales\u201d<\/strong>.<\/p>\n<p>El final de la denominada \u201cred SUBE\u201d para las l\u00edneas de transporte p\u00fablico provincial implica que cada pasaje deber\u00e1 abonarse en su totalidad. \u201cCon este comunicado Naci\u00f3n est\u00e1 diciendo que va a seguir pag\u00e1ndole subsidios a la Ciudad Aut\u00f3noma de Buenos Aires pero que\u00a0<strong>el Boleto Integrado se termina\u201d<\/strong>, opin\u00f3 D\u2019Onofrio en declaraciones radiales.<\/p>\n<p>\u201cLas 9 mil unidades de las 262 l\u00edneas provinciales no van a tener m\u00e1s el beneficio por decisi\u00f3n de (Javier) Milei y (Luis) Caputo. Por lo cual no va a existir m\u00e1s el Boleto Integrado,\u00a0<strong>la gran mayor\u00eda combina l\u00edneas provinciales con nacionales. Nadie toma solo medios nacionales\u201d<\/strong>. Y grafic\u00f3: \u201cEn la Provincia, quienes tomen dos colectivos para ir y dos para volver, van a terminar pagando 25% m\u00e1s; quienes tomen tres, ser\u00e1 40% m\u00e1s\u201d, enfatiz\u00f3 D\u2019Onofrio.<\/p>\n<p>Sin embargo,\u00a0<strong>el ministro adelant\u00f3 la decisi\u00f3n del gobierno bonaerense de llevar el tema a la Justicia. \u201cIremos a la Corte para reclamar. Esto no es contra la casta, es contra los que menos tienen y usan el colectivo a diario para ir a trabajar\u201d<\/strong>(VW)<\/p>\n","protected":false},"excerpt":{"rendered":"<p>El final de la denominada \u201cred SUBE\u201d para las l\u00edneas de transporte p\u00fablico provincial implica que cada pasaje deber\u00e1 abonarse en su totalidad.<\/p>\n","protected":false},"author":3,"featured_media":9152,"comment_status":"closed","ping_status":"closed","sticky":false,"template":"","format":"standard","meta":{"_monsterinsights_skip_tracking":false,"_monsterinsights_sitenote_active":false,"_monsterinsights_sitenote_note":"","_monsterinsights_sitenote_category":0,"footnotes":""},"categories":[8],"tags":[196,6610,6609,1817],"class_list":["post-15611","post","type-post","status-publish","format-standard","has-post-thumbnail","hentry","category-interes-general","tag-amba","tag-colecitvos","tag-pasaje","tag-sube"],"_links":{"self":[{"href":"https:\/\/www.visionweb.com.ar\/index.php?rest_route=\/wp\/v2\/posts\/15611","targetHints":{"allow":["GET"]}}],"collection":[{"href":"https:\/\/www.visionweb.com.ar\/index.php?rest_route=\/wp\/v2\/posts"}],"about":[{"href":"https:\/\/www.visionweb.com.ar\/index.php?rest_route=\/wp\/v2\/types\/post"}],"author":[{"embeddable":true,"href":"https:\/\/www.visionweb.com.ar\/index.php?rest_route=\/wp\/v2\/users\/3"}],"replies":[{"embeddable":true,"href":"https:\/\/www.visionweb.com.ar\/index.php?rest_route=%2Fwp%2Fv2%2Fcomments&post=15611"}],"version-history":[{"count":2,"href":"https:\/\/www.visionweb.com.ar\/index.php?rest_route=\/wp\/v2\/posts\/15611\/revisions"}],"predecessor-version":[{"id":15613,"href":"https:\/\/www.visionweb.com.ar\/index.php?rest_route=\/wp\/v2\/posts\/15611\/revisions\/15613"}],"wp:featuredmedia":[{"embeddable":true,"href":"https:\/\/www.visionweb.com.ar\/index.php?rest_route=\/wp\/v2\/media\/9152"}],"wp:attachment":[{"href":"https:\/\/www.visionweb.com.ar\/index.php?rest_route=%2Fwp%2Fv2%2Fmedia&parent=15611"}],"wp:term":[{"taxonomy":"category","embeddable":true,"href":"https:\/\/www.visionweb.com.ar\/index.php?rest_route=%2Fwp%2Fv2%2Fcategories&post=15611"},{"taxonomy":"post_tag","embeddable":true,"href":"https:\/\/www.visionweb.com.ar\/index.php?rest_route=%2Fwp%2Fv2%2Ftags&post=15611"}],"curies":[{"name":"wp","href":"https:\/\/api.w.org\/{rel}","templated":true}]}}