{"id":15602,"date":"2024-08-26T11:20:25","date_gmt":"2024-08-26T14:20:25","guid":{"rendered":"https:\/\/www.visionweb.com.ar\/?p=15602"},"modified":"2024-08-26T11:20:25","modified_gmt":"2024-08-26T14:20:25","slug":"provincia-se-realizara-el-primer-censo-de-fabricas-y-empresas-recuperadas","status":"publish","type":"post","link":"https:\/\/www.visionweb.com.ar\/?p=15602","title":{"rendered":"Provincia: Se realizar\u00e1 el primer censo de f\u00e1bricas y empresas recuperadas"},"content":{"rendered":"<p><strong><em>Buscan tener datos actualizados del sector para planificar pol\u00edticas p\u00fablicas.<\/em><\/strong><!--more--><\/p>\n<p><strong><img loading=\"lazy\" decoding=\"async\" class=\"size-medium wp-image-3593 alignright\" src=\"https:\/\/www.visionweb.com.ar\/wp-content\/uploads\/2021\/11\/LA-INDUSTRIA-TEXTIL-FUE-UNA-DE-LAS-QUE-MAS-SE-RECUPERO-EN-AGOSTO-300x169.png\" alt=\"\" width=\"300\" height=\"169\" srcset=\"https:\/\/www.visionweb.com.ar\/wp-content\/uploads\/2021\/11\/LA-INDUSTRIA-TEXTIL-FUE-UNA-DE-LAS-QUE-MAS-SE-RECUPERO-EN-AGOSTO-300x169.png 300w, https:\/\/www.visionweb.com.ar\/wp-content\/uploads\/2021\/11\/LA-INDUSTRIA-TEXTIL-FUE-UNA-DE-LAS-QUE-MAS-SE-RECUPERO-EN-AGOSTO.png 640w\" sizes=\"auto, (max-width: 300px) 100vw, 300px\" \/>\u00a0 E<\/strong>l <strong>Gobierno bonaerense<\/strong> realizar\u00e1 un censo para determinar la cantidad de f\u00e1bricas y empresas recuperadas que tienen asiento en la provincia de Buenos Aires, a trav\u00e9s del <strong>Instituto Provincial de Asociativismo y Cooperativismo <\/strong>(IPAC), con el objetivo de planificar pol\u00edticas p\u00fablicas para el sector.<\/p>\n<p>La iniciativa fue aprobada este lunes a trav\u00e9s de resoluci\u00f3n del Instituto de Asociativismo y Cooperativismo publicada en el Bolet\u00edn Oficial provincial. La normativa detalla que \u201cestar\u00e1 dirigido a las f\u00e1bricas y empresas recuperadas por sus trabajadores, con domicilio en la provincia de Buenos Aires\u201d.<\/p>\n<p>El objetivo es conocer tanto la situaci\u00f3n productiva como del inmueble de cada empresa y f\u00e1brica recuperada por sus trabajadores y trabajadoras, de manera de mejorar las pol\u00edticas p\u00fablicas destinadas al sector y resguardar sus derechos seg\u00fan se establece en la Ley 15.485 que declar\u00f3 la emergencia econ\u00f3mica, financiera y tarifaria de las empresas recuperadas en la Provincia.<\/p>\n<p>Las empresas y f\u00e1bricas recuperadas podr\u00e1n realizar el censo de manera virtual desde\u00a0\u00a0<a href=\"http:\/\/www.gba.gob.ar\/produccion\/cooperativas_en_marcha\">www.gba.gob.ar\/produccion\/cooperativas_en_marcha<\/a>.<\/p>\n<p>Aquellas personas que tengan alguna consulta, podr\u00e1n comunicarse a trav\u00e9s del correo electr\u00f3nico\u00a0<a href=\"mailto:recuperadaspba@mp.gba.gov.ar\">recuperadaspba@mp.gba.gov.ar<\/a>\u00a0o bien contact\u00e1ndose con la L\u00ednea de Atenci\u00f3n por WhatsApp del IPAC: (221) 6696971.<\/p>\n<p>El censo contiene preguntas, entre otros temas, vinculadas a los productos y\/o servicios, maquinarias, situaci\u00f3n econ\u00f3mica, situaci\u00f3n del inmueble de cada empresa y f\u00e1brica recuperada y tambi\u00e9n ofrece la posibilidad de sugerir propuestas para la implementaci\u00f3n de programas, proyectos y formaciones que apunten a la mejora de la producci\u00f3n, comercializaci\u00f3n, el sostenimiento y crecimiento de este sector de la econom\u00eda.<\/p>\n<p>En sus considerandos, la resoluci\u00f3n advierte que \u201clas f\u00e1bricas y empresas recuperadas de la provincia desarrollan actividades en diversos rubros como metal\u00fargico, autopartista, calzado, cuero, alimentos, madera, pl\u00e1stico, educaci\u00f3n, etc.\u201d y que producen \u201cpara el mercado local e internacional, para el sector privado y p\u00fablico, con capacidad para generar y sostener puestos de trabajo\u201d<\/p>\n<p>Asimismo, indica que \u201cresulta oportuno y conveniente la realizaci\u00f3n del relevamiento de datos\u201d para \u201ccontar con informaci\u00f3n, fidedigna y actualizada\u201d con el fin de planificar \u201cpol\u00edticas p\u00fablicas\u201d para el sector.<\/p>\n<p>De acuerdo al<strong> RENACER (Registro Nacional de Empresas Recuperadas), en la Provincia hay 110 con un total de 4.086 personas asociadas<\/strong>. A su vez, en CABA 48 con 1150 personas vinculadas. Por lo tanto,\u00a0<strong>Buenos Aires es la provincia que mayor cantidad de empresas recuperadas aloja en su suelo<\/strong>.<\/p>\n<p>A ra\u00edz de la fuerte crisis econ\u00f3mica que atraviesa al sector, el gobierno de la Provincia de Buenos Aires promulg\u00f3 a finales de abril la <strong>Ley 15.485<\/strong>, donde se declara la\u00a0<strong>emergencia econ\u00f3mica, financiera y tarifaria de las Empresas Recuperadas en todo el territorio bonaerense<\/strong>\u00a0por el t\u00e9rmino de 18 meses, prorrogables por el Poder Ejecutivo por \u00fanica vez y por 1 a\u00f1o si as\u00ed se determina.<\/p>\n<p>Adem\u00e1s, declara de Inter\u00e9s Provincial al proceso de recuperaci\u00f3n de empresas por parte de sus trabajadores\/as, como sujetos que realizan adelante las actividades laborales en crisis o procesos de quiebra. <strong>(VW)<\/strong><\/p>\n<p>&nbsp;<\/p>\n","protected":false},"excerpt":{"rendered":"<p>Buscan tener datos actualizados del sector para planificar pol\u00edticas p\u00fablicas.<\/p>\n","protected":false},"author":4,"featured_media":3593,"comment_status":"closed","ping_status":"closed","sticky":false,"template":"","format":"standard","meta":{"_monsterinsights_skip_tracking":false,"_monsterinsights_sitenote_active":false,"_monsterinsights_sitenote_note":"","_monsterinsights_sitenote_category":0,"footnotes":""},"categories":[8,4],"tags":[6605,5803,356],"class_list":["post-15602","post","type-post","status-publish","format-standard","has-post-thumbnail","hentry","category-interes-general","category-politica","tag-censo-de-empresas-recuperadas","tag-ipac","tag-provincia"],"_links":{"self":[{"href":"https:\/\/www.visionweb.com.ar\/index.php?rest_route=\/wp\/v2\/posts\/15602","targetHints":{"allow":["GET"]}}],"collection":[{"href":"https:\/\/www.visionweb.com.ar\/index.php?rest_route=\/wp\/v2\/posts"}],"about":[{"href":"https:\/\/www.visionweb.com.ar\/index.php?rest_route=\/wp\/v2\/types\/post"}],"author":[{"embeddable":true,"href":"https:\/\/www.visionweb.com.ar\/index.php?rest_route=\/wp\/v2\/users\/4"}],"replies":[{"embeddable":true,"href":"https:\/\/www.visionweb.com.ar\/index.php?rest_route=%2Fwp%2Fv2%2Fcomments&post=15602"}],"version-history":[{"count":1,"href":"https:\/\/www.visionweb.com.ar\/index.php?rest_route=\/wp\/v2\/posts\/15602\/revisions"}],"predecessor-version":[{"id":15603,"href":"https:\/\/www.visionweb.com.ar\/index.php?rest_route=\/wp\/v2\/posts\/15602\/revisions\/15603"}],"wp:featuredmedia":[{"embeddable":true,"href":"https:\/\/www.visionweb.com.ar\/index.php?rest_route=\/wp\/v2\/media\/3593"}],"wp:attachment":[{"href":"https:\/\/www.visionweb.com.ar\/index.php?rest_route=%2Fwp%2Fv2%2Fmedia&parent=15602"}],"wp:term":[{"taxonomy":"category","embeddable":true,"href":"https:\/\/www.visionweb.com.ar\/index.php?rest_route=%2Fwp%2Fv2%2Fcategories&post=15602"},{"taxonomy":"post_tag","embeddable":true,"href":"https:\/\/www.visionweb.com.ar\/index.php?rest_route=%2Fwp%2Fv2%2Ftags&post=15602"}],"curies":[{"name":"wp","href":"https:\/\/api.w.org\/{rel}","templated":true}]}}