{"id":15586,"date":"2024-08-23T15:30:46","date_gmt":"2024-08-23T18:30:46","guid":{"rendered":"https:\/\/www.visionweb.com.ar\/?p=15586"},"modified":"2024-08-23T15:30:46","modified_gmt":"2024-08-23T18:30:46","slug":"banco-provincia-gran-premio-de-fotografia-2024-sara-facio","status":"publish","type":"post","link":"https:\/\/www.visionweb.com.ar\/?p=15586","title":{"rendered":"Banco Provincia: Gran Premio de Fotograf\u00eda 2024 Sara Facio"},"content":{"rendered":"<p><em><strong>El Bapro invita a participar de un concurso de fotograf\u00eda. La inscripci\u00f3n ser\u00e1 hasta el 20 de septiembre. Los premios van de 1,8 millones y 1 mill\u00f3n de pesos, para primer y segundo premio respectivamente.<\/strong><\/em><!--more--><\/p>\n<p><img loading=\"lazy\" decoding=\"async\" class=\"size-medium wp-image-15587 alignright\" src=\"https:\/\/www.visionweb.com.ar\/wp-content\/uploads\/2024\/08\/concurso-fotogr-300x300.png\" alt=\"\" width=\"300\" height=\"300\" srcset=\"https:\/\/www.visionweb.com.ar\/wp-content\/uploads\/2024\/08\/concurso-fotogr-300x300.png 300w, https:\/\/www.visionweb.com.ar\/wp-content\/uploads\/2024\/08\/concurso-fotogr-150x150.png 150w, https:\/\/www.visionweb.com.ar\/wp-content\/uploads\/2024\/08\/concurso-fotogr-80x80.png 80w, https:\/\/www.visionweb.com.ar\/wp-content\/uploads\/2024\/08\/concurso-fotogr-320x320.png 320w, https:\/\/www.visionweb.com.ar\/wp-content\/uploads\/2024\/08\/concurso-fotogr-65x65.png 65w, https:\/\/www.visionweb.com.ar\/wp-content\/uploads\/2024\/08\/concurso-fotogr.png 445w\" sizes=\"auto, (max-width: 300px) 100vw, 300px\" \/> <strong>B<\/strong>anco Provincia abri\u00f3 la inscripci\u00f3n para el\u00a0<strong>Gran\u00a0Premio de Fotograf\u00eda 2024 Sara Facio<\/strong>, un concurso dirigido a fot\u00f3grafas y fot\u00f3grafos profesionales mayores de 18 a\u00f1os, residentes o nacidos en la\u00a0<strong>provincia de Buenos Aires\u00a0<\/strong>y<strong>\u00a0CABA<\/strong>.<\/p>\n<p>En esta ocasi\u00f3n, y por primera vez,\u00a0<strong>el certamen art\u00edstico homenajea a una personalidad de la cultura: la prestigiosa fot\u00f3grafa argentina, quien se destac\u00f3 por sus ic\u00f3nicos retratos en blanco y negro de grandes personajes de la cultura<\/strong>\u00a0y la pol\u00edtica argentina y mundial, como Eva Duarte de Per\u00f3n, Julio Cort\u00e1zar, Jorge Luis Borges, Alejandra Pizarnik, Gabriel Garc\u00eda M\u00e1rquez, Pablo Neruda y muchos m\u00e1s.<\/p>\n<p>Todo el proceso de preselecci\u00f3n, selecci\u00f3n y premiaci\u00f3n estar\u00e1 a cargo de un <strong>jurado de especialistas <\/strong>de reconocida trayectoria. En noviembre se anunciar\u00e1n los trabajos ganadores, los reconocidos con menciones y otros seleccionados, que ser\u00e1n expuestos en el Museo Banco Provincia.<\/p>\n<p><strong>En honor a Sara Facio<\/strong> y a su particular t\u00e9cnica, el certamen\u00a0<strong>tiene como requisito que las fotograf\u00edas sean en blanco y negro y deben estar tomadas durante 2024.<\/strong>\u00a0Pueden ser en formato anal\u00f3gico o digital. Quedan excluidas aquellas tomadas con celulares.<\/p>\n<p>La\u00a0<strong>convocatoria para inscribirse estar\u00e1 abierta hasta el 20 de septiembre inclusive<\/strong>, para personas mayores de 18 a\u00f1os nacidas o que cuenten con residencia de al menos dos a\u00f1os en la provincia de Buenos Aires o CABA. El certamen otorgar\u00e1 dinero entre las obras ganadoras y diplomas a las menciones de honor.<\/p>\n<p><strong>El primer premio recibir\u00e1 1,8 millones de pesos y el segundo 1 mill\u00f3n de pesos.\u00a0<\/strong>Adem\u00e1s, se entregar\u00e1 un reconocimiento de 600 mil pesos para fot\u00f3grafos\/as menores de 35 a\u00f1os.\u00a0<strong>Las obras premiadas son adquisici\u00f3n y pasar\u00e1n a formar parte de la Colecci\u00f3n de Arte de Banco Provincia.<\/strong><\/p>\n<p><strong><a href=\"https:\/\/docs.google.com\/forms\/d\/e\/1FAIpQLScM--R1iV6X4cTqXodOu35CJbBPGki95HfUWwph0uJeKpQKMQ\/viewform\">Para participar hay que completar el formulario de inscripci\u00f3n<\/a><\/strong>. En esa plataforma, luego de aceptar las bases y condiciones, se deben adjuntar los archivos con la imagen de la obra y los datos personales del autor o autora. Es muy importante repasar los requisitos t\u00e9cnicos que deben cumplir las im\u00e1genes para que no sean descalificadas. Las bases admiten solo un trabajo por participante. <strong>(VW)<\/strong><\/p>\n","protected":false},"excerpt":{"rendered":"<p>El Bapro invita a participar de un concurso de fotograf\u00eda. La inscripci\u00f3n ser\u00e1 hasta el 20 de septiembre. Los premios van de 1,8 millones y 1 mill\u00f3n de pesos, para primer y segundo premio&#46;&#46;&#46;<\/p>\n","protected":false},"author":4,"featured_media":15587,"comment_status":"closed","ping_status":"closed","sticky":false,"template":"","format":"standard","meta":{"_monsterinsights_skip_tracking":false,"_monsterinsights_sitenote_active":false,"_monsterinsights_sitenote_note":"","_monsterinsights_sitenote_category":0,"footnotes":""},"categories":[8],"tags":[2482,6600,850],"class_list":["post-15586","post","type-post","status-publish","format-standard","has-post-thumbnail","hentry","category-interes-general","tag-banco-provincia","tag-gran-premio-de-fotografia-2024-sara-facio","tag-inscripcion"],"_links":{"self":[{"href":"https:\/\/www.visionweb.com.ar\/index.php?rest_route=\/wp\/v2\/posts\/15586","targetHints":{"allow":["GET"]}}],"collection":[{"href":"https:\/\/www.visionweb.com.ar\/index.php?rest_route=\/wp\/v2\/posts"}],"about":[{"href":"https:\/\/www.visionweb.com.ar\/index.php?rest_route=\/wp\/v2\/types\/post"}],"author":[{"embeddable":true,"href":"https:\/\/www.visionweb.com.ar\/index.php?rest_route=\/wp\/v2\/users\/4"}],"replies":[{"embeddable":true,"href":"https:\/\/www.visionweb.com.ar\/index.php?rest_route=%2Fwp%2Fv2%2Fcomments&post=15586"}],"version-history":[{"count":1,"href":"https:\/\/www.visionweb.com.ar\/index.php?rest_route=\/wp\/v2\/posts\/15586\/revisions"}],"predecessor-version":[{"id":15588,"href":"https:\/\/www.visionweb.com.ar\/index.php?rest_route=\/wp\/v2\/posts\/15586\/revisions\/15588"}],"wp:featuredmedia":[{"embeddable":true,"href":"https:\/\/www.visionweb.com.ar\/index.php?rest_route=\/wp\/v2\/media\/15587"}],"wp:attachment":[{"href":"https:\/\/www.visionweb.com.ar\/index.php?rest_route=%2Fwp%2Fv2%2Fmedia&parent=15586"}],"wp:term":[{"taxonomy":"category","embeddable":true,"href":"https:\/\/www.visionweb.com.ar\/index.php?rest_route=%2Fwp%2Fv2%2Fcategories&post=15586"},{"taxonomy":"post_tag","embeddable":true,"href":"https:\/\/www.visionweb.com.ar\/index.php?rest_route=%2Fwp%2Fv2%2Ftags&post=15586"}],"curies":[{"name":"wp","href":"https:\/\/api.w.org\/{rel}","templated":true}]}}