{"id":15584,"date":"2024-08-23T15:03:12","date_gmt":"2024-08-23T18:03:12","guid":{"rendered":"https:\/\/www.visionweb.com.ar\/?p=15584"},"modified":"2024-08-23T15:03:12","modified_gmt":"2024-08-23T18:03:12","slug":"kicillof-no-es-ajuste-es-transferencia-a-unos-pocos-bolsillos-de-millonarios","status":"publish","type":"post","link":"https:\/\/www.visionweb.com.ar\/?p=15584","title":{"rendered":"Kicillof: \u201cNo es ajuste, es transferencia a unos pocos bolsillos de millonarios\u201d"},"content":{"rendered":"<p><em><strong>Cuestion\u00f3 el veto anunciado para el aumento en las jubilaciones, y aclar\u00f3 que Javier Milei favorece a los poderosos.<\/strong><\/em><!--more--><\/p>\n<p><strong><img loading=\"lazy\" decoding=\"async\" class=\"size-medium wp-image-7951 alignright\" src=\"https:\/\/www.visionweb.com.ar\/wp-content\/uploads\/2022\/10\/Kicillof-archivo-300x246.jpg\" alt=\"\" width=\"300\" height=\"246\" srcset=\"https:\/\/www.visionweb.com.ar\/wp-content\/uploads\/2022\/10\/Kicillof-archivo-300x246.jpg 300w, https:\/\/www.visionweb.com.ar\/wp-content\/uploads\/2022\/10\/Kicillof-archivo.bmp 620w\" sizes=\"auto, (max-width: 300px) 100vw, 300px\" \/>\u00a0\u00a0\u00a0 E<\/strong>l<strong> gobernador de la provincia de Buenos Aires, Axel Kicillof<\/strong>, sali\u00f3 este viernes al cruce de la administraci\u00f3n de Javier Milei luego de que la Secretar\u00eda de Trabajo nacional informara a los sindicatos que <strong>dejar\u00e1 de homologar aumentos salariales por encima del 2%<\/strong>, seg\u00fan trascendi\u00f3 luego de reuniones entre el titular de esa cartera, Julio Cordero, y delegados gremiales. A la vez que cuestion\u00f3 el veto completo anunciado para el aumento en las jubilaciones<\/p>\n<p><strong>Kicillof asegur\u00f3 que la administraci\u00f3n de Javier Milei no est\u00e1 ejecutando un ajuste sino una transferencia de recursos hacia unos pocos bolsillos.<\/strong><\/p>\n<p>\u201c<strong>Liberan el precio de los alimentos, de los remedios, del combustible, aplican tarifazo y boletazo\u2026<\/strong> pero los liberales libertarios <strong>controlan,<\/strong>\u00a0<strong>regulan y reprimen los aumentos salariales <\/strong>y quieren<strong> vetar el aumento a jubilados<\/strong>\u201d, cuestion\u00f3.<\/p>\n<p>En ese sentido, se\u00f1al\u00f3: \u201c<strong>Enriquecen a los acreedores, funden a las provincias. Cien millones de d\u00f3lares para espionaje, cero para vacunas de dengue<\/strong>\u201d.<\/p>\n<p>\u201cHablemos con propiedad: no es teor\u00eda econ\u00f3mica, es la defensa de los intereses concentrados y los poderosos.\u00a0<strong>No es ajuste, es transferencia de los sectores medios, trabajadores y vulnerables a unos pocos bolsillos de millonarios y corporaciones<\/strong>\u201d, sentenci\u00f3.<\/p>\n<p>Cabe mencionar, que el Senado aprob\u00f3 ayer el aumento a los jubilados, pero el Gobierno confirm\u00f3 que el presidente Javier <strong>Milei vetar\u00e1 esa recomposici\u00f3n<\/strong> que aliviar\u00eda a ese sector, para acercarlos en forma escueta a cubrir algo m\u00e1s de la canasta.<\/p>\n<p>El mensaje de Kicillof en redes, est\u00e1 acompa\u00f1ado de un art\u00edculo period\u00edstico de Bae Negocios, que advierte que a partir de octubre, el Gobierno le pondr\u00e1 un\u00a0techo a las paritarias: <strong>\u201cdesde el Gobierno hacen saber a las organizaciones gremiales que, desde octubre,\u00a0no se van a homologar incrementos que superen el 2% mensual\u201d.<\/strong><\/p>\n<p>El Gobierno de Javier Milei ya lo hab\u00eda dejado en claro, no permitir\u00e1 aumentos que est\u00e9n por encima a su propia expectativa.\u00a0A partir de octubre, no permitir\u00e1 aumentos pr\u00e1cticamente, ya que el techo ser\u00e1 el 2 %.<\/p>\n<p>Y en el marco del<strong> programa de ajuste<\/strong><strong> para frenar la inflaci\u00f3n<\/strong>, que implica el\u00a0veto al aumento de las jubilaciones, los servicios est\u00e1n dolarizados y la desregulaci\u00f3n es total. <strong>(VW)<\/strong><\/p>\n","protected":false},"excerpt":{"rendered":"<p>Cuestion\u00f3 el veto anunciado para el aumento en las jubilaciones, y aclar\u00f3 que Javier Milei favorece a los poderosos.<\/p>\n","protected":false},"author":4,"featured_media":7951,"comment_status":"closed","ping_status":"closed","sticky":false,"template":"","format":"standard","meta":{"_monsterinsights_skip_tracking":false,"_monsterinsights_sitenote_active":false,"_monsterinsights_sitenote_note":"","_monsterinsights_sitenote_category":0,"footnotes":""},"categories":[4],"tags":[3131,6597,6598,6596,6599],"class_list":["post-15584","post","type-post","status-publish","format-standard","has-post-thumbnail","hentry","category-politica","tag-axel-kicillof","tag-cuestiono-a-milei","tag-techo-a-paritarias","tag-transferencia-a-los-poderosos","tag-veto-movilidad-jubilatoria"],"_links":{"self":[{"href":"https:\/\/www.visionweb.com.ar\/index.php?rest_route=\/wp\/v2\/posts\/15584","targetHints":{"allow":["GET"]}}],"collection":[{"href":"https:\/\/www.visionweb.com.ar\/index.php?rest_route=\/wp\/v2\/posts"}],"about":[{"href":"https:\/\/www.visionweb.com.ar\/index.php?rest_route=\/wp\/v2\/types\/post"}],"author":[{"embeddable":true,"href":"https:\/\/www.visionweb.com.ar\/index.php?rest_route=\/wp\/v2\/users\/4"}],"replies":[{"embeddable":true,"href":"https:\/\/www.visionweb.com.ar\/index.php?rest_route=%2Fwp%2Fv2%2Fcomments&post=15584"}],"version-history":[{"count":1,"href":"https:\/\/www.visionweb.com.ar\/index.php?rest_route=\/wp\/v2\/posts\/15584\/revisions"}],"predecessor-version":[{"id":15585,"href":"https:\/\/www.visionweb.com.ar\/index.php?rest_route=\/wp\/v2\/posts\/15584\/revisions\/15585"}],"wp:featuredmedia":[{"embeddable":true,"href":"https:\/\/www.visionweb.com.ar\/index.php?rest_route=\/wp\/v2\/media\/7951"}],"wp:attachment":[{"href":"https:\/\/www.visionweb.com.ar\/index.php?rest_route=%2Fwp%2Fv2%2Fmedia&parent=15584"}],"wp:term":[{"taxonomy":"category","embeddable":true,"href":"https:\/\/www.visionweb.com.ar\/index.php?rest_route=%2Fwp%2Fv2%2Fcategories&post=15584"},{"taxonomy":"post_tag","embeddable":true,"href":"https:\/\/www.visionweb.com.ar\/index.php?rest_route=%2Fwp%2Fv2%2Ftags&post=15584"}],"curies":[{"name":"wp","href":"https:\/\/api.w.org\/{rel}","templated":true}]}}