{"id":15582,"date":"2024-08-23T14:28:41","date_gmt":"2024-08-23T17:28:41","guid":{"rendered":"https:\/\/www.visionweb.com.ar\/?p=15582"},"modified":"2024-08-23T14:28:41","modified_gmt":"2024-08-23T17:28:41","slug":"subtes-habilitaran-el-pago-con-celular-y-tarjetas-a-partir-de-diciembre","status":"publish","type":"post","link":"https:\/\/www.visionweb.com.ar\/?p=15582","title":{"rendered":"Subtes: Habilitar\u00e1n el pago con celular y tarjetas a partir de diciembre"},"content":{"rendered":"<p><em><strong>La tarjeta SUBE seguir\u00e1 vigente, al igual que la Red SUBE de descuentos. El beneficio de la tarifa escalonada del subte se mantiene.<\/strong><\/em><!--more--><\/p>\n<p><strong>\u00a0 <img loading=\"lazy\" decoding=\"async\" class=\"size-medium wp-image-13232 alignright\" src=\"https:\/\/www.visionweb.com.ar\/wp-content\/uploads\/2024\/01\/Subte-D-gob-ciudad-300x193.png\" alt=\"\" width=\"300\" height=\"193\" srcset=\"https:\/\/www.visionweb.com.ar\/wp-content\/uploads\/2024\/01\/Subte-D-gob-ciudad-300x193.png 300w, https:\/\/www.visionweb.com.ar\/wp-content\/uploads\/2024\/01\/Subte-D-gob-ciudad.png 532w\" sizes=\"auto, (max-width: 300px) 100vw, 300px\" \/>\u00a0 E<\/strong>l jefe de Gobierno porte\u00f1o,<strong>\u00a0Jorge Macri<\/strong>,\u00a0anunci\u00f3 que a partir de diciembre se podr\u00e1 abonar con medios de pago como\u00a0celulares, tarjetas de d\u00e9bito y cr\u00e9dito y tambi\u00e9n la SUBE, y en esa l\u00ednea los molinetes de los subtes ser\u00e1n remodelados.<\/p>\n<p>Los usuarios de la<strong> red de subte podr\u00e1n pagar los viajes con el celular o con tarjetas de cr\u00e9dito y d\u00e9bito de todos los bancos desde\u00a0diciembre, <\/strong>a la vez que<strong> el sistema de SUBE seguir\u00e1 vigente.<\/strong><\/p>\n<p>\u201cEn campa\u00f1a dije que en mi gesti\u00f3n \u00edbamos a cambiar la forma en la que se pagaba el subte. Por eso en estos meses vamos a estar cambiando los molinetes para que se pueda abonar con nuevos medios de pago\u201d,\u00a0sostuvo el jefe de Gobierno porte\u00f1o.<\/p>\n<p><strong>Adem\u00e1s de la SUBE \u201cse va a poder usar tarjetas de cr\u00e9dito o d\u00e9bito. Y tambi\u00e9n el celular, si tiene tecnolog\u00eda NFC\u201d<\/strong>.<\/p>\n<p><strong>Este nuevo sistema tambi\u00e9n permitir\u00e1 acceder al\u00a0beneficio de tarifa escalonada, con descuentos del 20, 30 y 40% superados los 20, 30 y 40 viajes respectivamente, siempre y cuando se utilice la misma tarjeta.<\/strong><\/p>\n<p>Al mismo tiempo, \u201cl<strong>as personas podr\u00e1n seguir utilizando la tarjeta SUBE para contar con el mismo beneficio o el de la Red SUBE<\/strong>, que aplica\u00a0descuentos para viajes realizados en el lapso de dos horas: del 50% en el segundo boleto y del 75% a partir del tercero\u201d.<\/p>\n<p>Vale mencionar que el gobierno de Javier Milei anunci\u00f3 el retiro del subsidio, a partir de septiembre, para el transporte que le corresponde a la CABA. <strong>(VW)<\/strong><\/p>\n<p>&nbsp;<\/p>\n","protected":false},"excerpt":{"rendered":"<p>La tarjeta SUBE seguir\u00e1 vigente, al igual que la Red SUBE de descuentos. El beneficio de la tarifa escalonada del subte se mantiene.<\/p>\n","protected":false},"author":4,"featured_media":13232,"comment_status":"closed","ping_status":"closed","sticky":false,"template":"","format":"standard","meta":{"_monsterinsights_skip_tracking":false,"_monsterinsights_sitenote_active":false,"_monsterinsights_sitenote_note":"","_monsterinsights_sitenote_category":0,"footnotes":""},"categories":[8,4],"tags":[5263,6595,3036,2667],"class_list":["post-15582","post","type-post","status-publish","format-standard","has-post-thumbnail","hentry","category-interes-general","category-politica","tag-jorge-macri","tag-pago-con-celular-y-tarjetas","tag-red-sube","tag-subtes"],"_links":{"self":[{"href":"https:\/\/www.visionweb.com.ar\/index.php?rest_route=\/wp\/v2\/posts\/15582","targetHints":{"allow":["GET"]}}],"collection":[{"href":"https:\/\/www.visionweb.com.ar\/index.php?rest_route=\/wp\/v2\/posts"}],"about":[{"href":"https:\/\/www.visionweb.com.ar\/index.php?rest_route=\/wp\/v2\/types\/post"}],"author":[{"embeddable":true,"href":"https:\/\/www.visionweb.com.ar\/index.php?rest_route=\/wp\/v2\/users\/4"}],"replies":[{"embeddable":true,"href":"https:\/\/www.visionweb.com.ar\/index.php?rest_route=%2Fwp%2Fv2%2Fcomments&post=15582"}],"version-history":[{"count":1,"href":"https:\/\/www.visionweb.com.ar\/index.php?rest_route=\/wp\/v2\/posts\/15582\/revisions"}],"predecessor-version":[{"id":15583,"href":"https:\/\/www.visionweb.com.ar\/index.php?rest_route=\/wp\/v2\/posts\/15582\/revisions\/15583"}],"wp:featuredmedia":[{"embeddable":true,"href":"https:\/\/www.visionweb.com.ar\/index.php?rest_route=\/wp\/v2\/media\/13232"}],"wp:attachment":[{"href":"https:\/\/www.visionweb.com.ar\/index.php?rest_route=%2Fwp%2Fv2%2Fmedia&parent=15582"}],"wp:term":[{"taxonomy":"category","embeddable":true,"href":"https:\/\/www.visionweb.com.ar\/index.php?rest_route=%2Fwp%2Fv2%2Fcategories&post=15582"},{"taxonomy":"post_tag","embeddable":true,"href":"https:\/\/www.visionweb.com.ar\/index.php?rest_route=%2Fwp%2Fv2%2Ftags&post=15582"}],"curies":[{"name":"wp","href":"https:\/\/api.w.org\/{rel}","templated":true}]}}