{"id":15580,"date":"2024-08-23T09:45:26","date_gmt":"2024-08-23T12:45:26","guid":{"rendered":"https:\/\/www.visionweb.com.ar\/?p=15580"},"modified":"2024-08-23T09:45:26","modified_gmt":"2024-08-23T12:45:26","slug":"anses-actualiza-las-jubilaciones-por-inflacion-en-41","status":"publish","type":"post","link":"https:\/\/www.visionweb.com.ar\/?p=15580","title":{"rendered":"Anses actualiza las jubilaciones por inflaci\u00f3n en 4,1%"},"content":{"rendered":"<p><strong><em>A\u00fan falta la<\/em> confirmaci\u00f3n del bono. Las jubilaciones de la Anses tendr\u00e1n un aumento del 4% en septiembre, pero a\u00fan no llegan a cubrir la canasta b\u00e1sica. <em>El ajuste se cobrar\u00e1 en septiembre.<\/em><\/strong><!--more--><\/p>\n<p><img loading=\"lazy\" decoding=\"async\" class=\"size-medium wp-image-14017 alignleft\" src=\"https:\/\/www.visionweb.com.ar\/wp-content\/uploads\/2024\/03\/jubilados-2-300x258.png\" alt=\"\" width=\"300\" height=\"258\" srcset=\"https:\/\/www.visionweb.com.ar\/wp-content\/uploads\/2024\/03\/jubilados-2-300x258.png 300w, https:\/\/www.visionweb.com.ar\/wp-content\/uploads\/2024\/03\/jubilados-2.png 466w\" sizes=\"auto, (max-width: 300px) 100vw, 300px\" \/>En medio de la pol\u00e9mica por la nueva f\u00f3rmula de movilidad jubilatoria, que el presidente Javier Milei ya avis\u00f3 que vetar\u00e1, la Administraci\u00f3n Nacional de la Seguridad Social (Anses) actualiz\u00f3 los haberes previsionales, aumento que se corresponde con la inflaci\u00f3n de julio informada por el Indec y que se percibir\u00e1 en septiembre.<\/p>\n<p>De acuerdo a la Resoluci\u00f3n 588\/2024, el aumento de las jubilaciones a cobrar en septiembre ser\u00e1 del 4,02%. De esta manera, la m\u00ednima pasar\u00e1 a $234.540,23 y la m\u00e1xima a alrededor de $1,5 millones. Por lo tanto, una persona que recibe la jubilaci\u00f3n m\u00ednima no alcanzar\u00e1 a cubrir la canasta b\u00e1sica total que en julio fue de $291.472.<\/p>\n<p>Mientras tanto se espera que el Ministerio de Econom\u00eda confirme que otorgar\u00e1 un nuevo bono de $70 mil, pero a\u00fan no hubo novedades al respecto. Si se vuelve a abobar, como viene ocurriendo, servir\u00eda para que los haberes m\u00ednimos le empaten a la canasta b\u00e1sica.<\/p>\n<p>La actualizaci\u00f3n tambi\u00e9n rige para la Prestaci\u00f3n B\u00e1sica Universal (PBU) que a partir de agosto ser\u00e1 de $107.291,45 y para la Pensi\u00f3n Universal para el Adulto Mayor (PUAM) que llegar\u00e1 a los $187.632,18.<\/p>\n<p>Por otra parte,\u00a0 el Senado de la naci\u00f3n aprob\u00f3 este jueves una nueva f\u00f3rmula de ajuste para las jubilaciones, pero el Presidente Milei ya avis\u00f3, desde un comunicado oficial,\u00a0 que vetar\u00e1 la nueva normativa.<\/p>\n<p>El proyecto de ley aprobado este jueves por el Senado, establece una actualizaci\u00f3n mensual en base al \u00faltimo dato disponible del \u00cdndice de Precios al Consumidor (IPC), de acuerdo con el el Decreto de Necesidad y Urgencia (DNU) vigente que activ\u00f3 el Ejecutivo.<\/p>\n<p>Adem\u00e1s, incorpora una compensaci\u00f3n extra \u2014o \u201cempalme\u201d\u2014 del 8,1%, dado que el Gobierno otorg\u00f3 un 12,5% que no cubre el 20,6% de inflaci\u00f3n de enero.<\/p>\n<p>Con este mecanismo, el haber m\u00ednimo garantizar\u00eda la cobertura de la canasta b\u00e1sica del adulto mayor. El Ejecutivo insisti\u00f3 en que esto fuera a partir de julio y la oposici\u00f3n lo quiere retroactivo desde febrero, lo que finalmente se impuso<strong>(VW)<\/strong>.<\/p>\n","protected":false},"excerpt":{"rendered":"<p>A\u00fan falta la confirmaci\u00f3n del bono. Las jubilaciones de la Anses tendr\u00e1n un aumento del 4% en septiembre, pero a\u00fan no llegan a cubrir la canasta b\u00e1sica. El ajuste se cobrar\u00e1 en septiembre.<\/p>\n","protected":false},"author":3,"featured_media":14017,"comment_status":"closed","ping_status":"closed","sticky":false,"template":"","format":"standard","meta":{"_monsterinsights_skip_tracking":false,"_monsterinsights_sitenote_active":false,"_monsterinsights_sitenote_note":"","_monsterinsights_sitenote_category":0,"footnotes":""},"categories":[3,8],"tags":[1804,300,6594,2774],"class_list":["post-15580","post","type-post","status-publish","format-standard","has-post-thumbnail","hentry","category-actualidad","category-interes-general","tag-ajuste","tag-anses","tag-jubulacion","tag-septiembre"],"_links":{"self":[{"href":"https:\/\/www.visionweb.com.ar\/index.php?rest_route=\/wp\/v2\/posts\/15580","targetHints":{"allow":["GET"]}}],"collection":[{"href":"https:\/\/www.visionweb.com.ar\/index.php?rest_route=\/wp\/v2\/posts"}],"about":[{"href":"https:\/\/www.visionweb.com.ar\/index.php?rest_route=\/wp\/v2\/types\/post"}],"author":[{"embeddable":true,"href":"https:\/\/www.visionweb.com.ar\/index.php?rest_route=\/wp\/v2\/users\/3"}],"replies":[{"embeddable":true,"href":"https:\/\/www.visionweb.com.ar\/index.php?rest_route=%2Fwp%2Fv2%2Fcomments&post=15580"}],"version-history":[{"count":1,"href":"https:\/\/www.visionweb.com.ar\/index.php?rest_route=\/wp\/v2\/posts\/15580\/revisions"}],"predecessor-version":[{"id":15581,"href":"https:\/\/www.visionweb.com.ar\/index.php?rest_route=\/wp\/v2\/posts\/15580\/revisions\/15581"}],"wp:featuredmedia":[{"embeddable":true,"href":"https:\/\/www.visionweb.com.ar\/index.php?rest_route=\/wp\/v2\/media\/14017"}],"wp:attachment":[{"href":"https:\/\/www.visionweb.com.ar\/index.php?rest_route=%2Fwp%2Fv2%2Fmedia&parent=15580"}],"wp:term":[{"taxonomy":"category","embeddable":true,"href":"https:\/\/www.visionweb.com.ar\/index.php?rest_route=%2Fwp%2Fv2%2Fcategories&post=15580"},{"taxonomy":"post_tag","embeddable":true,"href":"https:\/\/www.visionweb.com.ar\/index.php?rest_route=%2Fwp%2Fv2%2Ftags&post=15580"}],"curies":[{"name":"wp","href":"https:\/\/api.w.org\/{rel}","templated":true}]}}