{"id":15555,"date":"2024-08-21T16:57:24","date_gmt":"2024-08-21T19:57:24","guid":{"rendered":"https:\/\/www.visionweb.com.ar\/?p=15555"},"modified":"2024-08-21T16:57:24","modified_gmt":"2024-08-21T19:57:24","slug":"provincia-continua-la-falta-de-plasticos-para-licencias-de-conducir-y-se-prorroga-el-uso-del-certificado-en-papel","status":"publish","type":"post","link":"https:\/\/www.visionweb.com.ar\/?p=15555","title":{"rendered":"Provincia: Contin\u00faa la falta de pl\u00e1sticos para licencias de conducir y se prorroga el uso del certificado en papel"},"content":{"rendered":"<p><em><strong>El Ministerio de Transporte bonaerense prorrog\u00f3 hasta el 15 de octubre la medida que ya hab\u00eda adoptado a principio de a\u00f1o. Los pl\u00e1sticos siguen escaseando. Existe la opci\u00f3n de la licencia de conducir digital\u00a0de la\u00a0aplicaci\u00f3n Mi Argentina.<\/strong><\/em><!--more--><\/p>\n<p><strong>\u00a0\u00a0 <img loading=\"lazy\" decoding=\"async\" class=\"size-medium wp-image-604 alignright\" src=\"https:\/\/www.visionweb.com.ar\/wp-content\/uploads\/2020\/12\/LICENCIAS-300x209.png\" alt=\"\" width=\"300\" height=\"209\" srcset=\"https:\/\/www.visionweb.com.ar\/wp-content\/uploads\/2020\/12\/LICENCIAS-300x209.png 300w, https:\/\/www.visionweb.com.ar\/wp-content\/uploads\/2020\/12\/LICENCIAS.png 697w\" sizes=\"auto, (max-width: 300px) 100vw, 300px\" \/>\u00a0 E<\/strong>l <strong>Ministerio de Transporte bonaerense <\/strong>que lidera<strong> Jorge D&#8217;Onofrio, <\/strong>prorrog\u00f3 nuevamente la emisi\u00f3n de licencias de conducir mediante un\u00a0<strong>\u00abCertificado de Tr\u00e1mite Aprobado\u00bb<\/strong> en papel, que tendr\u00e1 vigencia hasta el 15 de octubre, debido a la falta de disponibilidad de tarjetas pl\u00e1sticas.<\/p>\n<p>A trav\u00e9s de la\u00a0<strong>Resoluci\u00f3n 197\/24<\/strong>\u00a0del<strong> Ministerio de Transporte<\/strong> bonaerense, publicada este mi\u00e9rcoles en el\u00a0<strong>Bolet\u00edn Oficial<\/strong>, se vuelve a autorizar a los centros de emisi\u00f3n de licencias de conducir a extender un\u00a0<strong>\u00abCertificado de Tr\u00e1mite Aprobado\u00bb<\/strong>. Se trata del documento que reemplaza, excepcionalmente, al tradicional carnet pl\u00e1stico y que tiene validez legal.<\/p>\n<p><img loading=\"lazy\" decoding=\"async\" class=\"size-medium wp-image-15556 alignleft\" src=\"https:\/\/www.visionweb.com.ar\/wp-content\/uploads\/2024\/08\/mi-argentina-240x300.png\" alt=\"\" width=\"240\" height=\"300\" srcset=\"https:\/\/www.visionweb.com.ar\/wp-content\/uploads\/2024\/08\/mi-argentina-240x300.png 240w, https:\/\/www.visionweb.com.ar\/wp-content\/uploads\/2024\/08\/mi-argentina.png 388w\" sizes=\"auto, (max-width: 240px) 100vw, 240px\" \/>De acuerdo a la norma, dicho certificado ser\u00e1 emitido por las oficinas que no tengan los insumos necesarios para la impresi\u00f3n de las licencias de conducir.\u00a0<strong>El papel tendr\u00e1 vigencia hasta el 15 de octubre de este a\u00f1o<\/strong>, pero las autoridades instaron a complementarlo con la licencia en formato digital que puede obtenerse en la\u00a0<strong>aplicaci\u00f3n Mi Argentina<\/strong>.<\/p>\n<p>Se trata de una extensi\u00f3n de la medida que ya hab\u00edan tomado las autoridades.\u00a0<strong>La primera vez fue a fines de diciembre<\/strong>\u00a0y dur\u00f3 hasta el 31 de enero de 2024. Luego\u00a0<strong>se repiti\u00f3 hasta abril<\/strong>\u00a0y ahora se vuelve a extender. Seg\u00fan un informe de la Direcci\u00f3n Provincial de Licencias de Conducir y Antecedentes de Tr\u00e1nsito,\u00a0<strong>sigue \u00abla falta de disponibilidad\u00bb de las tarjetas pl\u00e1sticas<\/strong>.<\/p>\n<p>As\u00ed las cosas, quienes tengan que renovar su carnet podr\u00e1n hacerlo. Si les toca un centro de emisi\u00f3n que no tiene los insumos se le imprimir\u00e1 un certificado para que pueda seguir circulando. La otra opci\u00f3n es la<strong>\u00a0licencia de conducir digital\u00a0<\/strong>de la\u00a0<strong>aplicaci\u00f3n Mi Argentina<\/strong>. <strong>(VW)<\/strong><\/p>\n<p>&nbsp;<\/p>\n","protected":false},"excerpt":{"rendered":"<p>El Ministerio de Transporte bonaerense prorrog\u00f3 hasta el 15 de octubre la medida que ya hab\u00eda adoptado a principio de a\u00f1o. Los pl\u00e1sticos siguen escaseando. Existe la opci\u00f3n de la licencia de conducir digital\u00a0de&#46;&#46;&#46;<\/p>\n","protected":false},"author":4,"featured_media":604,"comment_status":"closed","ping_status":"closed","sticky":false,"template":"","format":"standard","meta":{"_monsterinsights_skip_tracking":false,"_monsterinsights_sitenote_active":false,"_monsterinsights_sitenote_note":"","_monsterinsights_sitenote_category":0,"footnotes":""},"categories":[8,4],"tags":[6580,665,3526,6581],"class_list":["post-15555","post","type-post","status-publish","format-standard","has-post-thumbnail","hentry","category-interes-general","category-politica","tag-escacez-de-plasticos","tag-licencias-de-conducir","tag-ministerio-de-transporte-bonaerense","tag-opcion-digital"],"_links":{"self":[{"href":"https:\/\/www.visionweb.com.ar\/index.php?rest_route=\/wp\/v2\/posts\/15555","targetHints":{"allow":["GET"]}}],"collection":[{"href":"https:\/\/www.visionweb.com.ar\/index.php?rest_route=\/wp\/v2\/posts"}],"about":[{"href":"https:\/\/www.visionweb.com.ar\/index.php?rest_route=\/wp\/v2\/types\/post"}],"author":[{"embeddable":true,"href":"https:\/\/www.visionweb.com.ar\/index.php?rest_route=\/wp\/v2\/users\/4"}],"replies":[{"embeddable":true,"href":"https:\/\/www.visionweb.com.ar\/index.php?rest_route=%2Fwp%2Fv2%2Fcomments&post=15555"}],"version-history":[{"count":1,"href":"https:\/\/www.visionweb.com.ar\/index.php?rest_route=\/wp\/v2\/posts\/15555\/revisions"}],"predecessor-version":[{"id":15557,"href":"https:\/\/www.visionweb.com.ar\/index.php?rest_route=\/wp\/v2\/posts\/15555\/revisions\/15557"}],"wp:featuredmedia":[{"embeddable":true,"href":"https:\/\/www.visionweb.com.ar\/index.php?rest_route=\/wp\/v2\/media\/604"}],"wp:attachment":[{"href":"https:\/\/www.visionweb.com.ar\/index.php?rest_route=%2Fwp%2Fv2%2Fmedia&parent=15555"}],"wp:term":[{"taxonomy":"category","embeddable":true,"href":"https:\/\/www.visionweb.com.ar\/index.php?rest_route=%2Fwp%2Fv2%2Fcategories&post=15555"},{"taxonomy":"post_tag","embeddable":true,"href":"https:\/\/www.visionweb.com.ar\/index.php?rest_route=%2Fwp%2Fv2%2Ftags&post=15555"}],"curies":[{"name":"wp","href":"https:\/\/api.w.org\/{rel}","templated":true}]}}