{"id":15547,"date":"2024-08-21T16:07:30","date_gmt":"2024-08-21T19:07:30","guid":{"rendered":"https:\/\/www.visionweb.com.ar\/?p=15547"},"modified":"2024-08-21T16:07:30","modified_gmt":"2024-08-21T19:07:30","slug":"diputados-rechazo-el-dnu-que-otorgaba-millones-en-fondos-reservados-a-la-side","status":"publish","type":"post","link":"https:\/\/www.visionweb.com.ar\/?p=15547","title":{"rendered":"Diputados rechaz\u00f3 el DNU que otorgaba millones en fondos reservados a la SIDE"},"content":{"rendered":"<p><em><strong>La C\u00e1mara baja le dio la espalda al decreto con votos del PRO y la UCR. Por 156 votos a favor, se rechaz\u00f3 el env\u00edo de 100.000 millones de pesos a la SIDE.<\/strong><\/em><!--more--><\/p>\n<p><strong>\u00a0 <img loading=\"lazy\" decoding=\"async\" class=\"size-medium wp-image-12685 alignright\" src=\"https:\/\/www.visionweb.com.ar\/wp-content\/uploads\/2023\/11\/Congreso-nacional-300x242.png\" alt=\"\" width=\"300\" height=\"242\" srcset=\"https:\/\/www.visionweb.com.ar\/wp-content\/uploads\/2023\/11\/Congreso-nacional-300x242.png 300w, https:\/\/www.visionweb.com.ar\/wp-content\/uploads\/2023\/11\/Congreso-nacional.png 532w\" sizes=\"auto, (max-width: 300px) 100vw, 300px\" \/>\u00a0 \u00a0L<\/strong>a<strong> C\u00e1mara de Diputados rechaz\u00f3 este mi\u00e9rcoles el DNU de Javier Milei\u00a0<\/strong>que asignaba el env\u00edo de 100.000 millones de pesos para fondos reservados de la SIDE. La votaci\u00f3n fue 156 votos a favor, 52 en contra y 6 abstenciones.<\/p>\n<p>En julio pasado, el Gobierno asign\u00f3<strong>\u00a0cien mil millones de pesos a la Secretaria de Inteligencia del Estado (SIDE)<\/strong>, que fue creada hace poco. Fue a trav\u00e9s del\u00a0<a href=\"https:\/\/www.boletinoficial.gob.ar\/detalleAviso\/primera\/311041\/20240723\">decreto 656 de Necesidad y Urgencia<\/a>.<\/p>\n<p>Con el voto clave de la UCR y el PRO, la C\u00e1mara de Diputados rechaz\u00f3 y le asest\u00f3 un duro golpe pol\u00edtico al Gobierno.<\/p>\n<p>La sesi\u00f3n hab\u00eda sido pedida por el bloque de<strong> Encuentro Federal -que preside Miguel \u00c1ngel Pichetto- la Coalici\u00f3n C\u00edvica y parte del radicalismo disidente representado en Facundo Manes y Mart\u00edn Lousteau.<\/strong><\/p>\n<p>Sin embargo, el dato pol\u00edtico fue el aporte al qu\u00f3rum de dos diputadas nacionales libertarias y cinco del PRO. Y luego en la votaci\u00f3n, una veintena de legisladores de la bancada amarilla se pleg\u00f3 al rechazo del DNU.<\/p>\n<p>En el medio est\u00e1, por un lado, la interna entre\u00a0<strong>Mauricio Macri<\/strong>\u00a0y\u00a0<strong>Santiago Caputo<\/strong>, principal asesor del Gobierno y quien est\u00e1 detr\u00e1s de la nueva SIDE. Por el otro, la creciente tensi\u00f3n entre Macri y la ministra de Seguridad, Patricia Bullrich. As\u00ed, tras la votaci\u00f3n, el espacio que conduce Macri sali\u00f3 con un duro comunicado en el que cuestiona el decreto y advierte que \u201cesto no es el cambio\u201d.<\/p>\n<p>\u201cDesde el inicio de esta gesti\u00f3n, apoyamos al gobierno en todas las medidas que apuntalaban al cambio en la Argentina (la Ley de Bases, la ampliaci\u00f3n de datos gen\u00e9ticos para seguridad, y m\u00e1s).\u00a0<strong>Pero este DNU de $100 mil millones para inteligencia, en un contexto en el que \u2018no hay plata\u2019, y sin aclarar el uso de los fondos, no es el cambio\u201d, cuestionaron desde el PRO<\/strong>.<\/p>\n<p>El texto del espacio que conduce Macri cierra advirtiendo que \u201cel progreso econ\u00f3mico requiere instituciones fuertes y transparentes, y de un gobierno austero\u201d, e insiste que \u201c<strong>en el PRO esos valores son innegociables<\/strong>\u201d. <strong>(VW)<\/strong><\/p>\n","protected":false},"excerpt":{"rendered":"<p>La C\u00e1mara baja le dio la espalda al decreto con votos del PRO y la UCR. Por 156 votos a favor, se rechaz\u00f3 el env\u00edo de 100.000 millones de pesos a la SIDE.<\/p>\n","protected":false},"author":4,"featured_media":12685,"comment_status":"closed","ping_status":"closed","sticky":false,"template":"","format":"standard","meta":{"_monsterinsights_skip_tracking":false,"_monsterinsights_sitenote_active":false,"_monsterinsights_sitenote_note":"","_monsterinsights_sitenote_category":0,"footnotes":""},"categories":[4],"tags":[143,1838,502,4530,6575],"class_list":["post-15547","post","type-post","status-publish","format-standard","has-post-thumbnail","hentry","category-politica","tag-diputados","tag-lousteau","tag-macri","tag-milei","tag-rechazo-de-fondos-a-la-side"],"_links":{"self":[{"href":"https:\/\/www.visionweb.com.ar\/index.php?rest_route=\/wp\/v2\/posts\/15547","targetHints":{"allow":["GET"]}}],"collection":[{"href":"https:\/\/www.visionweb.com.ar\/index.php?rest_route=\/wp\/v2\/posts"}],"about":[{"href":"https:\/\/www.visionweb.com.ar\/index.php?rest_route=\/wp\/v2\/types\/post"}],"author":[{"embeddable":true,"href":"https:\/\/www.visionweb.com.ar\/index.php?rest_route=\/wp\/v2\/users\/4"}],"replies":[{"embeddable":true,"href":"https:\/\/www.visionweb.com.ar\/index.php?rest_route=%2Fwp%2Fv2%2Fcomments&post=15547"}],"version-history":[{"count":1,"href":"https:\/\/www.visionweb.com.ar\/index.php?rest_route=\/wp\/v2\/posts\/15547\/revisions"}],"predecessor-version":[{"id":15548,"href":"https:\/\/www.visionweb.com.ar\/index.php?rest_route=\/wp\/v2\/posts\/15547\/revisions\/15548"}],"wp:featuredmedia":[{"embeddable":true,"href":"https:\/\/www.visionweb.com.ar\/index.php?rest_route=\/wp\/v2\/media\/12685"}],"wp:attachment":[{"href":"https:\/\/www.visionweb.com.ar\/index.php?rest_route=%2Fwp%2Fv2%2Fmedia&parent=15547"}],"wp:term":[{"taxonomy":"category","embeddable":true,"href":"https:\/\/www.visionweb.com.ar\/index.php?rest_route=%2Fwp%2Fv2%2Fcategories&post=15547"},{"taxonomy":"post_tag","embeddable":true,"href":"https:\/\/www.visionweb.com.ar\/index.php?rest_route=%2Fwp%2Fv2%2Ftags&post=15547"}],"curies":[{"name":"wp","href":"https:\/\/api.w.org\/{rel}","templated":true}]}}