{"id":15539,"date":"2024-08-21T09:21:28","date_gmt":"2024-08-21T12:21:28","guid":{"rendered":"https:\/\/www.visionweb.com.ar\/?p=15539"},"modified":"2024-08-21T15:50:57","modified_gmt":"2024-08-21T18:50:57","slug":"kicillof-critico-a-milei-por-desregular-precio-de-garradas-es-cruel","status":"publish","type":"post","link":"https:\/\/www.visionweb.com.ar\/?p=15539","title":{"rendered":"Kicillof critic\u00f3 a Milei por desregular precio de garrafas: \u201cEs cruel\u201d"},"content":{"rendered":"<p><em><strong>El mandatario bonaerense dijo que el Presidente lleva adelante un \u00abgobierno cruel\u00bb. Naci\u00f3n adujo que la medida producir\u00e1 una \u00abmayor eficiencia econ\u00f3mica\u00bb. Pero deja desprotegido a cientos de miles de usuarios.<\/strong><\/em><!--more--><\/p>\n<p><img loading=\"lazy\" decoding=\"async\" class=\"size-medium wp-image-15540 alignright\" src=\"https:\/\/www.visionweb.com.ar\/wp-content\/uploads\/2024\/08\/GARRAFAS-1-300x188.png\" alt=\"\" width=\"300\" height=\"188\" srcset=\"https:\/\/www.visionweb.com.ar\/wp-content\/uploads\/2024\/08\/GARRAFAS-1-300x188.png 300w, https:\/\/www.visionweb.com.ar\/wp-content\/uploads\/2024\/08\/GARRAFAS-1.png 640w\" sizes=\"auto, (max-width: 300px) 100vw, 300px\" \/>El Gobernador bonaerense Axel Killof sum\u00f3 este martes un nuevo cap\u00edtulo en su enfrentamiento con Javier Milei, a quien critic\u00f3 por la decisi\u00f3n de desregular el precio de las garrafas, una decisi\u00f3n a la que calific\u00f3 como obra de un \u00abgobierno cruel\u00bb.<\/p>\n<p>En el inicio de una jornada en la que visit\u00f3 el partido de Malvinas Argentinas para entregar veh\u00edculos a la gesti\u00f3n local y viviendas para habitantes del distrito, el gobernador de la Provincia de Buenos Aires us\u00f3 sus redes sociales para cruzar al Presidente.<\/p>\n<p>A trav\u00e9s de su cuenta de X, Kicillof comparti\u00f3 la noticia sobre la desregulaci\u00f3n del precio de las garrafas de gas y dijo: \u00abDefinici\u00f3n de un Gobierno cruel, al que no le importa la gente (aclaraci\u00f3n: no es \u201clibertad\u201d sino beneficiar a unos pocos con los bolsillos de millones que no dan m\u00e1s)\u00bb.<\/p>\n<p>De acuerdo a la informaci\u00f3n que exhibi\u00f3 el mandatario bonaerense en sus redes, un 38% de los hogares del Gran Buenos Aires no cuentan con gas natural, por lo que necesitan de la compra de garrafas para acceder al servicio. Por ese motivo, la decisi\u00f3n de la Casa Rosada representa un golpe en un \u00e1rea sensible de la administraci\u00f3n de la Provincia de Buenos Aires.<\/p>\n<p>Esta semana, a fin de desregular los precios del sistema, la Secretar\u00eda de Energ\u00eda elimin\u00f3 los \u201cPrecios M\u00e1ximos de Referencia\u201d para las etapas de fraccionamiento, distribuci\u00f3n y venta al p\u00fablico de garrafas a fin de establecer \u00fanicamente \u201cprecios de referencia\u201d, sin un tope \u201cque obstaculice la cobertura real de la variaci\u00f3n experimentada en los costos\u201d.<\/p>\n<p>El objetivo de la medida, es \u201cdejar de obstruir el ejercicio de las libertades individuales en el \u00e1mbito contractual conforme los principios de libertad de mercado\u201d y esta decisi\u00f3n \u201cproducir\u00e1 una mayor eficiencia en lo econ\u00f3mico y estimular\u00e1 la inversi\u00f3n produciendo una mejora progresiva en cuanto a una amplia competencia logrando elevar al mercado de GLP local a est\u00e1ndares internacionales\u201d.<\/p>\n<p>D\u00edas atr\u00e1s, Axel Kicillof ya hab\u00eda apuntado contra Milei, remarcando que \u00aba la crueldad del Gobierno nacional\u00bb la Provincia le responde \u00abcon un Estado presente, transparente, eficaz y, sobre todo, m\u00e1s humano\u00bb.<\/p>\n<p>\u00abA pesar de la discriminaci\u00f3n\u00bb que padecen por parte de Naci\u00f3n desde diciembre del a\u00f1o pasado, \u00abvan a seguir cumpliendo con los compromisos\u00bb que tienen pendientes con todas las intendencias y \u00abcon el pueblo al que representan\u00bb, se\u00f1al\u00f3 Kicillof en sus redes sociales.<\/p>\n<p>A la par, se refiri\u00f3 a la par\u00e1lisis de la ora p\u00fablica, y afirm\u00f3 que \u00abse pararon mil obras nacionales\u00bb y que desde el Gobierno provincial est\u00e1n \u00abponiendo en marcha\u00bb todas las que pertenecen a su jurisdicci\u00f3n y \u00aben algunos casos, asumir, compensar y sustituir a un gobierno desertor que abandona a la provincia, a su pueblo y a la familia\u00bb.<\/p>\n<p>Por otro lado, el mandatario remarc\u00f3 el que est\u00e1n \u00absometidos\u00bb a un \u00abintento de asfixia\u00bb pero que, de todos modos, cumplir\u00e1n \u00abel compromiso que le corresponde\u00bb con todos los intendentes bonaerenses \u00abque est\u00e1n atendiendo hoy buena parte de la crisis generada por Milei\u00bb y los que \u00abreciben a los ca\u00eddos de este sistema econ\u00f3mico cruel\u00bb.<\/p>\n<p>Esta semana, la Provincia de Buenos Aires oficializ\u00f3 los acuerdos paritarios con los gremios estatales y docentes. El mismo consistir\u00e1 en un aumento del 8,5% en dos cuotas: 4,5% en agosto y 4% en septiembre, con el compromiso de retomar las negociaciones en octubre, una vez abonado el segundo tramo.<strong>(VW)<\/strong><\/p>\n","protected":false},"excerpt":{"rendered":"<p>El mandatario bonaerense dijo que el Presidente lleva adelante un \u00abgobierno cruel\u00bb. Naci\u00f3n adujo que la medida producir\u00e1 una \u00abmayor eficiencia econ\u00f3mica\u00bb. Pero deja desprotegido a cientos de miles de usuarios.<\/p>\n","protected":false},"author":3,"featured_media":15540,"comment_status":"closed","ping_status":"closed","sticky":false,"template":"","format":"standard","meta":{"_monsterinsights_skip_tracking":false,"_monsterinsights_sitenote_active":false,"_monsterinsights_sitenote_note":"","_monsterinsights_sitenote_category":0,"footnotes":""},"categories":[3],"tags":[5390,6558,1826,6572],"class_list":["post-15539","post","type-post","status-publish","format-standard","has-post-thumbnail","hentry","category-actualidad","tag-desregulacion","tag-garrafas","tag-gas","tag-precion"],"_links":{"self":[{"href":"https:\/\/www.visionweb.com.ar\/index.php?rest_route=\/wp\/v2\/posts\/15539","targetHints":{"allow":["GET"]}}],"collection":[{"href":"https:\/\/www.visionweb.com.ar\/index.php?rest_route=\/wp\/v2\/posts"}],"about":[{"href":"https:\/\/www.visionweb.com.ar\/index.php?rest_route=\/wp\/v2\/types\/post"}],"author":[{"embeddable":true,"href":"https:\/\/www.visionweb.com.ar\/index.php?rest_route=\/wp\/v2\/users\/3"}],"replies":[{"embeddable":true,"href":"https:\/\/www.visionweb.com.ar\/index.php?rest_route=%2Fwp%2Fv2%2Fcomments&post=15539"}],"version-history":[{"count":2,"href":"https:\/\/www.visionweb.com.ar\/index.php?rest_route=\/wp\/v2\/posts\/15539\/revisions"}],"predecessor-version":[{"id":15546,"href":"https:\/\/www.visionweb.com.ar\/index.php?rest_route=\/wp\/v2\/posts\/15539\/revisions\/15546"}],"wp:featuredmedia":[{"embeddable":true,"href":"https:\/\/www.visionweb.com.ar\/index.php?rest_route=\/wp\/v2\/media\/15540"}],"wp:attachment":[{"href":"https:\/\/www.visionweb.com.ar\/index.php?rest_route=%2Fwp%2Fv2%2Fmedia&parent=15539"}],"wp:term":[{"taxonomy":"category","embeddable":true,"href":"https:\/\/www.visionweb.com.ar\/index.php?rest_route=%2Fwp%2Fv2%2Fcategories&post=15539"},{"taxonomy":"post_tag","embeddable":true,"href":"https:\/\/www.visionweb.com.ar\/index.php?rest_route=%2Fwp%2Fv2%2Ftags&post=15539"}],"curies":[{"name":"wp","href":"https:\/\/api.w.org\/{rel}","templated":true}]}}