{"id":15527,"date":"2024-08-20T14:08:37","date_gmt":"2024-08-20T17:08:37","guid":{"rendered":"https:\/\/www.visionweb.com.ar\/?p=15527"},"modified":"2024-08-20T14:24:39","modified_gmt":"2024-08-20T17:24:39","slug":"el-senado-acordo-un-aumento-por-el-que-los-legisladores-cobraran-9-millones-por-mes","status":"publish","type":"post","link":"https:\/\/www.visionweb.com.ar\/?p=15527","title":{"rendered":"El Senado acord\u00f3 un aumento por el que cobrar\u00edan $9 millones por mes, pero hubo marcha atr\u00e1s"},"content":{"rendered":"<p><em><strong>Este martes, los senadores dieron marcha atr\u00e1s con el aumento de sus dietas y Villarruel convoc\u00f3 a una sesi\u00f3n especial. Luego de que el presidente Javier Milei se explayara en contra de los senadores nacionales. \u201cEs traici\u00f3n al pueblo trabajador\u201d, dijo.<\/strong><\/em><!--more--><\/p>\n<p><img loading=\"lazy\" decoding=\"async\" class=\"size-medium wp-image-15528 alignright\" src=\"https:\/\/www.visionweb.com.ar\/wp-content\/uploads\/2024\/08\/Senadores-dieta-300x300.png\" alt=\"\" width=\"300\" height=\"300\" srcset=\"https:\/\/www.visionweb.com.ar\/wp-content\/uploads\/2024\/08\/Senadores-dieta-300x300.png 300w, https:\/\/www.visionweb.com.ar\/wp-content\/uploads\/2024\/08\/Senadores-dieta-150x150.png 150w, https:\/\/www.visionweb.com.ar\/wp-content\/uploads\/2024\/08\/Senadores-dieta-80x80.png 80w, https:\/\/www.visionweb.com.ar\/wp-content\/uploads\/2024\/08\/Senadores-dieta-320x320.png 320w, https:\/\/www.visionweb.com.ar\/wp-content\/uploads\/2024\/08\/Senadores-dieta-65x65.png 65w, https:\/\/www.visionweb.com.ar\/wp-content\/uploads\/2024\/08\/Senadores-dieta.png 480w\" sizes=\"auto, (max-width: 300px) 100vw, 300px\" \/><\/p>\n<p><strong>L<\/strong>a Comisi\u00f3n Negociadora paritaria del Congreso, que congrega a los sectores sindicales que representan a los trabajadores y los representantes de ambas c\u00e1maras legislativas, se reuni\u00f3 ayer y resolvi\u00f3 el aumento.<\/p>\n<p>Diputados y senadores aprobaron un<strong> aumento para las dietas del 6,5%\u00a0<\/strong>en dos tramos. Uno desde el 1\u00b0 de julio pasado de 3,5% y el 3% restante desde el 1\u00b0 de agosto.<\/p>\n<p>Aunque, luego de la pol\u00e9mica por los excesivos n\u00fameros, <strong>los senadores dieron marcha atr\u00e1s con el \u00faltimo aumento de sus dietas<\/strong>, mediante<strong>\u00a0una nota que firmaron todos los bloques, desde La Libertad Avanza a Uni\u00f3n por la Patria<\/strong>.<\/p>\n<p>En tanto, la vicepresidenta\u00a0<strong>Victoria Villarruel<\/strong>\u00a0anunci\u00f3 la convocatoria a una sesi\u00f3n especial para \u201cdebatir los sueldos de frente y de forma p\u00fablica\u201d.<\/p>\n<p>El esc\u00e1ndalo se destap\u00f3 el lunes cuando se confirm\u00f3 una suba de 6,5% en dos tramos para los empleados del Congreso que por una ley aprobada por los senadores se trasladaba a las dietas.<\/p>\n<p>En<strong> Diputados no tendr\u00e1n impacto\u00a0<\/strong>ya que Mart\u00edn Menem no enganch\u00f3 el aumento de las dietas legislativas al aumento de los trabajadores.<\/p>\n<p>La resoluci\u00f3n lleva la firma de las autoridades del Senado, Mar\u00eda Laura Izzo, secretaria administrativa y Agust\u00edn Giustiniani, secretario parlamentario; por Diputados Laura Oriolo, secretaria administrativa y Diego Molina G\u00f3mez, secretario general de Diputados y los sectores sindicales. Norberto Di Prospero y Fabi\u00e1n Zacardi por la APL, Asociaci\u00f3n del Personal Legislativo, Claudio Britos de ATE, Mart\u00edn Roig de Uni\u00f3n del personal civil de la Naci\u00f3n.<\/p>\n<p><strong>En abril, el Senado aprob\u00f3 la resoluci\u00f3n para que los aumentos de las dietas legislativas est\u00e9n atados a los aumentos de los trabajadores legislativos<\/strong>. As\u00ed, los senadores llevaron sus ingresos a ocho millones de pesos en bruto o cinco millones tras los descuentos.<\/p>\n<p>Esto es producto del proyecto de resoluci\u00f3n sancionado por la C\u00e1mara Alta, a propuesta del salte\u00f1o Juan Carlos Romero (aliado incondicional de La Libertad Avanza), que llev\u00f3 la firma de legisladores de otras fuerzas pol\u00edticas, incluido un senador libertario, Bruno Olivera Lucero.<\/p>\n<p>\u201cEstablece que, a partir del mes de mayo del presente a\u00f1o, los senadores nacionales percibir\u00e1n de 13 dietas anuales. Cada una de las mismas ser\u00e1 equivalente a 2500 m\u00f3dulos, m\u00e1s un adicional de 1000 m\u00f3dulos de gastos de representaci\u00f3n y 500 m\u00f3dulos adicionales por desarraigo. El valor del m\u00f3dulo ser\u00e1 el equivalente al que perciben los empleados legislativos de conformidad de las previsiones de la Ley 24.600\u2033.<\/p>\n<p>En la sesi\u00f3n del 18 de abril de este a\u00f1o se puso en consideraci\u00f3n. Villarruel requiri\u00f3 que se vote \u201ca mano alzada\u201d, a no ser que alg\u00fan senador solicite lo contrario, es decir votarlo de manera electr\u00f3nica y que quede registrado el voto. Nadie lo pidi\u00f3. Se necesit\u00f3 el voto de los dos tercios de los presentes.\u00a0<strong>Casi todos los senadores que estaban en el recinto levantaron sus manos en un tr\u00e1mite que llev\u00f3 112 segundos.<\/strong><\/p>\n<p>Posteriormente, la vicepresidente Victoria Villarruel posteo en la red social X: \u201cHoy los senadores de todos los bloques acordaron un aumento de su salario que fue votado a mano alzada en el recinto por contar con los votos necesarios para hacerlo.\u00a0<strong>Como Presidente del Senado NO soy senadora, no cobro del Senado y NO puedo interferir en esas decisiones.\u00a0<\/strong>Tampoco puedo obligar a que se vote nominalmente ni a que se justifique la decisi\u00f3n avalada por todos, porque NO soy senadora. Lo que sucedi\u00f3 en el Senado es perfectamente legal y NO tengo herramienta alguna para frenarlo\u201d.<\/p>\n<p>Por su parte, en junio de este a\u00f1o, el presidente de la C\u00e1mara de Diputados,\u00a0<strong>Mart\u00edn Menem, resolvi\u00f3 un cuadro de aumento de dietas inferior a lo resuelto en el Senado pero que acumul\u00f3 aumentos en tres tramos, un 40%, luego un 14% y por \u00faltimo un incremento del 8%.\u00a0<\/strong>As\u00ed llevo la remuneraci\u00f3n de los diputados a partir del primer tramo del aumento a 2,6 millones de pesos mensuales en mano tras los descuentos correspondientes.<\/p>\n<p>Las diferencias con el Senado son dos. Por un lado, es un monto inferior a lo que perciben los senadores y por el otro, Mart\u00edn\u00a0<strong>Menem dispuso que la dieta de la C\u00e1mara Baja no est\u00e9 enganchada a los futuros aumentos del personal legislativo.<\/strong><\/p>\n<p><strong>Qu\u00e9 dijo Milei:<\/strong><\/p>\n<p>\u201cLos sueldos del Poder Ejecutivo se encuentran congelados desde el 10 de diciembre. No hubo aumento de sueldo para Ministros, Secretarios o Subsecretarios. Tampoco para m\u00ed, que adem\u00e1s renunci\u00e9 a mi jubilaci\u00f3n de privilegio. Por qu\u00e9? Porque \u00e9sta administraci\u00f3n entiende que\u00a0<strong>el esfuerzo lo tiene que hacer la pol\u00edtica, no la gente trabajadora<\/strong>\u00a0que paga los impuestos\u201d.<\/p>\n<p>\u201cExpreso mi<strong>\u00a0m\u00e1ximo repudio al vergonzoso aumento de sueldo\u00a0<\/strong>que acaba de ocurrir en la C\u00e1mara de Senadores. Hace poco se hab\u00edan aumento el sueldo a 7 millones de pesos pero parece que no les alcanza: hoy se aumentaron el sueldo a 9 MILLONES\u201d; continu\u00f3 Milei.<\/p>\n<p>En esa l\u00ednea, pregunt\u00f3: \u201c\u00bfQui\u00e9n cobra 9 palos por mes? NADIE. Mientras millones de compatriotas se esfuerzan por salir adelante tras la cat\u00e1strofe econ\u00f3mica generada por Sergio Massa, la C\u00e1mara de Senadores deber\u00eda tener empat\u00eda con los argentinos y no tomarles el pelo aument\u00e1ndose el sueldo todos los meses. Parece que no comprenden que el sueldo que perciben sale de los impuestos que pagan todos los argentinos.\u00a0<strong>Cobrar 9 millones de pesos en este contexto es m\u00e1s que una burla, es traici\u00f3n al pueblo trabajador. Una vez m\u00e1s, la casta pol\u00edtica se niega a soltar sus privilegios<\/strong>\u00a0mientras el pueblo sufre las consecuencias. Repudio cada una de las firmas que dieron lugar a \u00e9ste despilfarro a favor de los pol\u00edticos y en contra de los argentinos\u201d. <strong>(VW)<\/strong><\/p>\n","protected":false},"excerpt":{"rendered":"<p>Este martes, los senadores dieron marcha atr\u00e1s con el aumento de sus dietas y Villarruel convoc\u00f3 a una sesi\u00f3n especial. Luego de que el presidente Javier Milei se explayara en contra de los senadores&#46;&#46;&#46;<\/p>\n","protected":false},"author":4,"featured_media":15528,"comment_status":"closed","ping_status":"closed","sticky":false,"template":"","format":"standard","meta":{"_monsterinsights_skip_tracking":false,"_monsterinsights_sitenote_active":false,"_monsterinsights_sitenote_note":"","_monsterinsights_sitenote_category":0,"footnotes":""},"categories":[4],"tags":[6567,6566,4530,1381],"class_list":["post-15527","post","type-post","status-publish","format-standard","has-post-thumbnail","hentry","category-politica","tag-9-millones","tag-aumento-dietas","tag-milei","tag-senadores"],"_links":{"self":[{"href":"https:\/\/www.visionweb.com.ar\/index.php?rest_route=\/wp\/v2\/posts\/15527","targetHints":{"allow":["GET"]}}],"collection":[{"href":"https:\/\/www.visionweb.com.ar\/index.php?rest_route=\/wp\/v2\/posts"}],"about":[{"href":"https:\/\/www.visionweb.com.ar\/index.php?rest_route=\/wp\/v2\/types\/post"}],"author":[{"embeddable":true,"href":"https:\/\/www.visionweb.com.ar\/index.php?rest_route=\/wp\/v2\/users\/4"}],"replies":[{"embeddable":true,"href":"https:\/\/www.visionweb.com.ar\/index.php?rest_route=%2Fwp%2Fv2%2Fcomments&post=15527"}],"version-history":[{"count":3,"href":"https:\/\/www.visionweb.com.ar\/index.php?rest_route=\/wp\/v2\/posts\/15527\/revisions"}],"predecessor-version":[{"id":15531,"href":"https:\/\/www.visionweb.com.ar\/index.php?rest_route=\/wp\/v2\/posts\/15527\/revisions\/15531"}],"wp:featuredmedia":[{"embeddable":true,"href":"https:\/\/www.visionweb.com.ar\/index.php?rest_route=\/wp\/v2\/media\/15528"}],"wp:attachment":[{"href":"https:\/\/www.visionweb.com.ar\/index.php?rest_route=%2Fwp%2Fv2%2Fmedia&parent=15527"}],"wp:term":[{"taxonomy":"category","embeddable":true,"href":"https:\/\/www.visionweb.com.ar\/index.php?rest_route=%2Fwp%2Fv2%2Fcategories&post=15527"},{"taxonomy":"post_tag","embeddable":true,"href":"https:\/\/www.visionweb.com.ar\/index.php?rest_route=%2Fwp%2Fv2%2Ftags&post=15527"}],"curies":[{"name":"wp","href":"https:\/\/api.w.org\/{rel}","templated":true}]}}