{"id":15524,"date":"2024-08-20T13:41:12","date_gmt":"2024-08-20T16:41:12","guid":{"rendered":"https:\/\/www.visionweb.com.ar\/?p=15524"},"modified":"2024-08-20T13:41:12","modified_gmt":"2024-08-20T16:41:12","slug":"lanus-gobierno-invita-a-la-muestra-del-salon-de-artes-visuales-por-el-80-aniversario-de-la-ciudad","status":"publish","type":"post","link":"https:\/\/www.visionweb.com.ar\/?p=15524","title":{"rendered":"Lan\u00fas Gobierno invita a la muestra del Sal\u00f3n de Artes Visuales, por el 80\u00b0 aniversario de la ciudad"},"content":{"rendered":"<p><em><strong>La apertura ser\u00e1 el pr\u00f3ximo viernes 23, momento en que se elegir\u00e1n tres obras ganadoras. Luego, se podr\u00e1 visitar la muestra de martes a domingos, de 12 a 20 horas.<\/strong><\/em><!--more--><\/p>\n<p><strong><img loading=\"lazy\" decoding=\"async\" class=\"size-medium wp-image-15525 alignright\" src=\"https:\/\/www.visionweb.com.ar\/wp-content\/uploads\/2024\/08\/alondelasArtes-lanus-300x294.jpg\" alt=\"\" width=\"300\" height=\"294\" srcset=\"https:\/\/www.visionweb.com.ar\/wp-content\/uploads\/2024\/08\/alondelasArtes-lanus-300x294.jpg 300w, https:\/\/www.visionweb.com.ar\/wp-content\/uploads\/2024\/08\/alondelasArtes-lanus-65x65.jpg 65w, https:\/\/www.visionweb.com.ar\/wp-content\/uploads\/2024\/08\/alondelasArtes-lanus.jpg 406w\" sizes=\"auto, (max-width: 300px) 100vw, 300px\" \/>\u00a0\u00a0\u00a0 Lan\u00fas Gobierno<\/strong> invita a la <strong>muestra del Sal\u00f3n de Artes Visuales<\/strong>, en el marco del <strong>80\u00b0 aniversario de la Ciudad<\/strong>, que se realizar\u00e1 el pr\u00f3ximo viernes 23 de agosto a las 18 horas en el Centro Cultural Leonardo Favio, ubicado en Av. 25 de Mayo 131, Lan\u00fas Oeste.<\/p>\n<p>La exhibici\u00f3n estar\u00e1 conformada por 45 trabajos art\u00edsticos elegidos por el Municipio, que surgen de la participaci\u00f3n de un total de 174 personas, inform\u00f3 la Subsecretar\u00eda de Prensa de la Comuna.<\/p>\n<p>De dicha preselecci\u00f3n saldr\u00e1n tres ganadores: dos obras ser\u00e1n elegidas por un jurado (una de ellas ser\u00e1 necesariamente de autor\u00eda lanusense), mientras que la tercera estar\u00e1 a cargo de la decisi\u00f3n del p\u00fablico presente.<\/p>\n<p>La muestra, de car\u00e1cter gratuito, permanecer\u00e1 abierta de martes a domingos (y feriados) de 12 a 20 horas. All\u00ed se podr\u00e1n apreciar los trabajos y se ver\u00e1n reflejados distintos momentos, paisajes y tem\u00e1ticas ligadas a la historia de la ciudad. <strong>(VW)<\/strong><\/p>\n","protected":false},"excerpt":{"rendered":"<p>La apertura ser\u00e1 el pr\u00f3ximo viernes 23, momento en que se elegir\u00e1n tres obras ganadoras. Luego, se podr\u00e1 visitar la muestra de martes a domingos, de 12 a 20 horas.<\/p>\n","protected":false},"author":4,"featured_media":15525,"comment_status":"closed","ping_status":"closed","sticky":false,"template":"","format":"standard","meta":{"_monsterinsights_skip_tracking":false,"_monsterinsights_sitenote_active":false,"_monsterinsights_sitenote_note":"","_monsterinsights_sitenote_category":0,"footnotes":""},"categories":[8],"tags":[6109,6564,6565],"class_list":["post-15524","post","type-post","status-publish","format-standard","has-post-thumbnail","hentry","category-interes-general","tag-lanus-gobierno","tag-muestra-de-artes-visuales","tag-seleccion-de-obras"],"_links":{"self":[{"href":"https:\/\/www.visionweb.com.ar\/index.php?rest_route=\/wp\/v2\/posts\/15524","targetHints":{"allow":["GET"]}}],"collection":[{"href":"https:\/\/www.visionweb.com.ar\/index.php?rest_route=\/wp\/v2\/posts"}],"about":[{"href":"https:\/\/www.visionweb.com.ar\/index.php?rest_route=\/wp\/v2\/types\/post"}],"author":[{"embeddable":true,"href":"https:\/\/www.visionweb.com.ar\/index.php?rest_route=\/wp\/v2\/users\/4"}],"replies":[{"embeddable":true,"href":"https:\/\/www.visionweb.com.ar\/index.php?rest_route=%2Fwp%2Fv2%2Fcomments&post=15524"}],"version-history":[{"count":1,"href":"https:\/\/www.visionweb.com.ar\/index.php?rest_route=\/wp\/v2\/posts\/15524\/revisions"}],"predecessor-version":[{"id":15526,"href":"https:\/\/www.visionweb.com.ar\/index.php?rest_route=\/wp\/v2\/posts\/15524\/revisions\/15526"}],"wp:featuredmedia":[{"embeddable":true,"href":"https:\/\/www.visionweb.com.ar\/index.php?rest_route=\/wp\/v2\/media\/15525"}],"wp:attachment":[{"href":"https:\/\/www.visionweb.com.ar\/index.php?rest_route=%2Fwp%2Fv2%2Fmedia&parent=15524"}],"wp:term":[{"taxonomy":"category","embeddable":true,"href":"https:\/\/www.visionweb.com.ar\/index.php?rest_route=%2Fwp%2Fv2%2Fcategories&post=15524"},{"taxonomy":"post_tag","embeddable":true,"href":"https:\/\/www.visionweb.com.ar\/index.php?rest_route=%2Fwp%2Fv2%2Ftags&post=15524"}],"curies":[{"name":"wp","href":"https:\/\/api.w.org\/{rel}","templated":true}]}}