{"id":15518,"date":"2024-08-19T11:50:54","date_gmt":"2024-08-19T14:50:54","guid":{"rendered":"https:\/\/www.visionweb.com.ar\/?p=15518"},"modified":"2024-08-19T11:50:54","modified_gmt":"2024-08-19T14:50:54","slug":"garrafas-quedaron-afuera-los-precios-maximos-de-referencia-y-desregularon-el-mercado","status":"publish","type":"post","link":"https:\/\/www.visionweb.com.ar\/?p=15518","title":{"rendered":"Garrafas: Quedaron afuera los precios m\u00e1ximos de referencia y desregularon el mercado"},"content":{"rendered":"<p><em><strong>La Secretar\u00eda de Energ\u00eda quit\u00f3 los precios m\u00e1ximos de referencia y los reemplaz\u00f3 \u00fanicamente por \u00abprecios de referencia\u00bb sin tope, para favorecer la competitividad y la inversi\u00f3n.<\/strong><\/em><!--more--><\/p>\n<p><strong> <img loading=\"lazy\" decoding=\"async\" class=\"size-medium wp-image-15519 alignright\" src=\"https:\/\/www.visionweb.com.ar\/wp-content\/uploads\/2024\/08\/garrafas-300x259.png\" alt=\"\" width=\"300\" height=\"259\" srcset=\"https:\/\/www.visionweb.com.ar\/wp-content\/uploads\/2024\/08\/garrafas-300x259.png 300w, https:\/\/www.visionweb.com.ar\/wp-content\/uploads\/2024\/08\/garrafas.png 464w\" sizes=\"auto, (max-width: 300px) 100vw, 300px\" \/>\u00a0\u00a0\u00a0 L<\/strong>a\u00a0<strong>Secretar\u00eda de Energ\u00eda<\/strong>\u00a0desregul\u00f3 el precio del\u00a0<strong>Gas Licuado de Petr\u00f3leo (GLP)<\/strong>\u00a0con el objetivo de <strong>promover la \u201ccompetitividad de la oferta y la demanda<\/strong> y alentar su expansi\u00f3n\u201d y propender de que el precio al consumidor final sea el resultante de los<strong>\u00a0\u201creales costos econ\u00f3micos\u201d.\u00a0<\/strong><\/p>\n<p>Esta medida, impacta en alrededor del<strong>\u00a043% de la poblaci\u00f3n argentina que utiliza gas envasado en garrafas\u00a0<\/strong>para cocinar o calefaccionarse<strong>.<\/strong><\/p>\n<p>Seg\u00fan detall\u00f3 la\u00a0<strong>Resoluci\u00f3n 216\/2024<\/strong>\u00a0publicada este lunes en el Bolet\u00edn Oficial, las normas que se regulen sobre el GLP deben propender a la competencia, \u201cla no discriminaci\u00f3n, el libre acceso, la asignaci\u00f3n eficiente de recursos, la seguridad p\u00fablica y la preservaci\u00f3n del medio ambiente\u201d.<\/p>\n<p>De esta manera, a fin de desregular los precios del sistema, el Gobierno decidi\u00f3 eliminar los \u201c<strong>Precios M\u00e1ximos de Referencia\u201d<\/strong>\u00a0para las etapas de fraccionamiento, distribuci\u00f3n y venta al p\u00fablico de garrafas, y <strong>estableci\u00f3 \u00fanicamente\u00a0\u201cprecios de referencia\u201d,<\/strong>\u00a0sin un tope \u201cque obstaculice la cobertura real de la variaci\u00f3n experimentada en los costos\u201d.<\/p>\n<p>El precio de referencia<strong> a partir de este decreto<\/strong> ser\u00e1 el siguiente:<\/p>\n<ul>\n<li><strong>Garrafa de 10 kg: $8.500<\/strong><\/li>\n<li><strong>Garrafa de 12kg: $10.200<\/strong><\/li>\n<li><strong>Garrafa de 15kg: $12.700 (con impuestos)<\/strong><\/li>\n<\/ul>\n<p>El objetivo de la medida, seg\u00fan indicaron, es \u201c<strong>dejar de obstruir el ejercicio de las libertades individuales<\/strong>\u00a0en el \u00e1mbito contractual conforme los principios de libertad de mercado\u201d y esta decisi\u00f3n \u201cproducir\u00e1 una\u00a0<strong>mayor eficiencia en lo econ\u00f3mico y estimular\u00e1 la inversi\u00f3n\u00a0<\/strong>produciendo una mejora progresiva en cuanto a una amplia competencia logrando elevar al mercado de GLP local a est\u00e1ndares internacionales\u201d.<strong> (VW)<\/strong><\/p>\n<p>&nbsp;<\/p>\n","protected":false},"excerpt":{"rendered":"<p>La Secretar\u00eda de Energ\u00eda quit\u00f3 los precios m\u00e1ximos de referencia y los reemplaz\u00f3 \u00fanicamente por \u00abprecios de referencia\u00bb sin tope, para favorecer la competitividad y la inversi\u00f3n.<\/p>\n","protected":false},"author":4,"featured_media":15519,"comment_status":"closed","ping_status":"closed","sticky":false,"template":"","format":"standard","meta":{"_monsterinsights_skip_tracking":false,"_monsterinsights_sitenote_active":false,"_monsterinsights_sitenote_note":"","_monsterinsights_sitenote_category":0,"footnotes":""},"categories":[6,4,5],"tags":[6559,6558,6561,6560],"class_list":["post-15518","post","type-post","status-publish","format-standard","has-post-thumbnail","hentry","category-economia","category-politica","category-sociedad","tag-desregulan-precios","tag-garrafas","tag-glp","tag-secretaria-e-energia"],"_links":{"self":[{"href":"https:\/\/www.visionweb.com.ar\/index.php?rest_route=\/wp\/v2\/posts\/15518","targetHints":{"allow":["GET"]}}],"collection":[{"href":"https:\/\/www.visionweb.com.ar\/index.php?rest_route=\/wp\/v2\/posts"}],"about":[{"href":"https:\/\/www.visionweb.com.ar\/index.php?rest_route=\/wp\/v2\/types\/post"}],"author":[{"embeddable":true,"href":"https:\/\/www.visionweb.com.ar\/index.php?rest_route=\/wp\/v2\/users\/4"}],"replies":[{"embeddable":true,"href":"https:\/\/www.visionweb.com.ar\/index.php?rest_route=%2Fwp%2Fv2%2Fcomments&post=15518"}],"version-history":[{"count":1,"href":"https:\/\/www.visionweb.com.ar\/index.php?rest_route=\/wp\/v2\/posts\/15518\/revisions"}],"predecessor-version":[{"id":15520,"href":"https:\/\/www.visionweb.com.ar\/index.php?rest_route=\/wp\/v2\/posts\/15518\/revisions\/15520"}],"wp:featuredmedia":[{"embeddable":true,"href":"https:\/\/www.visionweb.com.ar\/index.php?rest_route=\/wp\/v2\/media\/15519"}],"wp:attachment":[{"href":"https:\/\/www.visionweb.com.ar\/index.php?rest_route=%2Fwp%2Fv2%2Fmedia&parent=15518"}],"wp:term":[{"taxonomy":"category","embeddable":true,"href":"https:\/\/www.visionweb.com.ar\/index.php?rest_route=%2Fwp%2Fv2%2Fcategories&post=15518"},{"taxonomy":"post_tag","embeddable":true,"href":"https:\/\/www.visionweb.com.ar\/index.php?rest_route=%2Fwp%2Fv2%2Ftags&post=15518"}],"curies":[{"name":"wp","href":"https:\/\/api.w.org\/{rel}","templated":true}]}}