{"id":15516,"date":"2024-08-19T11:18:54","date_gmt":"2024-08-19T14:18:54","guid":{"rendered":"https:\/\/www.visionweb.com.ar\/?p=15516"},"modified":"2024-08-19T11:18:54","modified_gmt":"2024-08-19T14:18:54","slug":"provincia-argentina-es-el-pais-con-peor-performance-economica-de-america-latina","status":"publish","type":"post","link":"https:\/\/www.visionweb.com.ar\/?p=15516","title":{"rendered":"Provincia: Argentina es el pa\u00eds con \u201cpeor performance econ\u00f3mica de Am\u00e9rica Latina\u201d"},"content":{"rendered":"<p><strong><em>El Gobierno bonaerense dio a conocer un informe de la Comisi\u00f3n Econ\u00f3mica para<\/em> <em>Am\u00e9rica Latina<\/em><em>, con datos de la recesi\u00f3n en el territorio. Pidi\u00f3 a Naci\u00f3n un cambio del rumbo econ\u00f3mico.<\/em><\/strong><!--more--><\/p>\n<div id=\"attachment_6804\" style=\"width: 310px\" class=\"wp-caption alignright\"><img loading=\"lazy\" decoding=\"async\" aria-describedby=\"caption-attachment-6804\" class=\"wp-image-6804 size-medium\" src=\"https:\/\/www.visionweb.com.ar\/wp-content\/uploads\/2022\/08\/BIANCO-300x201.png\" alt=\"\" width=\"300\" height=\"201\" srcset=\"https:\/\/www.visionweb.com.ar\/wp-content\/uploads\/2022\/08\/BIANCO-300x201.png 300w, https:\/\/www.visionweb.com.ar\/wp-content\/uploads\/2022\/08\/BIANCO.png 640w\" sizes=\"auto, (max-width: 300px) 100vw, 300px\" \/><p id=\"caption-attachment-6804\" class=\"wp-caption-text\">Carlos Bianco. Foto archivo<\/p><\/div>\n<p><strong>\u00a0\u00a0 \u00a0\u00a0\u00a0 E<\/strong>l <strong>Gobierno bonaerense<\/strong>advirti\u00f3 que la Argentina es el pa\u00eds \u201ccon peor performance econ\u00f3mica de Am\u00e9rica Latina\u201d, ya que encabeza el <strong>ranking de las mayores ca\u00eddas del salario<\/strong> m\u00ednimo real y del salario <strong>promedio de todo el continente<\/strong>, luego de conocerse los datos de un informe de la Comisi\u00f3n Econ\u00f3mica para Am\u00e9rica Latina.<\/p>\n<p>En esa l\u00ednea, el ministro de Gobierno, Carlos Bianco, en conferencia de prensa realizada este lunes, dio a conocer un nuevo informe con datos comparativos entre pa\u00edses realizado por la <strong>Comisi\u00f3n Econ\u00f3mica para Am\u00e9rica Latina<\/strong>, un estudio que se realiza cada a\u00f1o desde 1949.<\/p>\n<p>\u201cSomos el pa\u00eds con la <strong>peor ca\u00edda del salario m\u00ednimo real con un 32%<\/strong>. Nos siguen Paraguay con un 3,2%, es decir 10 veces menos de ca\u00edda; Per\u00fa 2,8% y el Salvador, 0,9%. El resto de los pa\u00edses muestran recuperaci\u00f3n del salario\u201d, dijo Bianco.<\/p>\n<p>A la vez, advirti\u00f3 que \u201cArgentina es adem\u00e1s el que mayor ca\u00edda tuvo del salario promedio, con un 14%\u201d.<\/p>\n<p>\u201cNo nos sorprenden los datos, dadas las pol\u00edticas que se vienen realizando. Conocemos esta pel\u00edcula, no termina bien. No tiene final feliz\u201d, advirti\u00f3 el funcionario de Axel Kicillof.<\/p>\n<p>Adem\u00e1s, en ese marco, el <strong>ministro de Econom\u00eda, Pablo L\u00f3pez<\/strong>, repas\u00f3 los datos del impacto de la recesi\u00f3n econ\u00f3mica en el territorio.<\/p>\n<p>\u201cNo estamos viendo ning\u00fan indicio de recuperaci\u00f3n, la recesi\u00f3n no encuentra piso. La industria cay\u00f3 un 20%, seg\u00fan los datos de junio del Indec: las cifras de utilizaci\u00f3n de la capacidad instalada no tiene precedentes. La ca\u00edda se profundiza en sectores que son claves para la producci\u00f3n de empleo\u201d, lament\u00f3 el funcionario, que record\u00f3 que en territorio bonaerense hay 50 mil puestos de trabajo registrados menos.<\/p>\n<p>En ese sentido, volvi\u00f3 a advertir sobre la quita de recursos por parte del Gobierno nacional a partir del parate de la obra p\u00fablica y la eliminaci\u00f3n de transferencias. \u201cGracias a la recaudaci\u00f3n propia podemos en gran parte paliar la situaci\u00f3n, que tuvo una ca\u00edda en torno al 5%, cuando a nivel nacional es del 20%\u201d, advirti\u00f3 L\u00f3pez. <strong>(VW<\/strong><strong>)<\/strong><\/p>\n","protected":false},"excerpt":{"rendered":"<p>El Gobierno bonaerense dio a conocer un informe de la Comisi\u00f3n Econ\u00f3mica para Am\u00e9rica Latina, con datos de la recesi\u00f3n en el territorio. Pidi\u00f3 a Naci\u00f3n un cambio del rumbo econ\u00f3mico.<\/p>\n","protected":false},"author":4,"featured_media":6804,"comment_status":"closed","ping_status":"closed","sticky":false,"template":"","format":"standard","meta":{"_monsterinsights_skip_tracking":false,"_monsterinsights_sitenote_active":false,"_monsterinsights_sitenote_note":"","_monsterinsights_sitenote_category":0,"footnotes":""},"categories":[6,4],"tags":[6239,4415,6557,356],"class_list":["post-15516","post","type-post","status-publish","format-standard","has-post-thumbnail","hentry","category-economia","category-politica","tag-caida-del-salario","tag-carlos-bianco","tag-informe-america-latina","tag-provincia"],"_links":{"self":[{"href":"https:\/\/www.visionweb.com.ar\/index.php?rest_route=\/wp\/v2\/posts\/15516","targetHints":{"allow":["GET"]}}],"collection":[{"href":"https:\/\/www.visionweb.com.ar\/index.php?rest_route=\/wp\/v2\/posts"}],"about":[{"href":"https:\/\/www.visionweb.com.ar\/index.php?rest_route=\/wp\/v2\/types\/post"}],"author":[{"embeddable":true,"href":"https:\/\/www.visionweb.com.ar\/index.php?rest_route=\/wp\/v2\/users\/4"}],"replies":[{"embeddable":true,"href":"https:\/\/www.visionweb.com.ar\/index.php?rest_route=%2Fwp%2Fv2%2Fcomments&post=15516"}],"version-history":[{"count":1,"href":"https:\/\/www.visionweb.com.ar\/index.php?rest_route=\/wp\/v2\/posts\/15516\/revisions"}],"predecessor-version":[{"id":15517,"href":"https:\/\/www.visionweb.com.ar\/index.php?rest_route=\/wp\/v2\/posts\/15516\/revisions\/15517"}],"wp:featuredmedia":[{"embeddable":true,"href":"https:\/\/www.visionweb.com.ar\/index.php?rest_route=\/wp\/v2\/media\/6804"}],"wp:attachment":[{"href":"https:\/\/www.visionweb.com.ar\/index.php?rest_route=%2Fwp%2Fv2%2Fmedia&parent=15516"}],"wp:term":[{"taxonomy":"category","embeddable":true,"href":"https:\/\/www.visionweb.com.ar\/index.php?rest_route=%2Fwp%2Fv2%2Fcategories&post=15516"},{"taxonomy":"post_tag","embeddable":true,"href":"https:\/\/www.visionweb.com.ar\/index.php?rest_route=%2Fwp%2Fv2%2Ftags&post=15516"}],"curies":[{"name":"wp","href":"https:\/\/api.w.org\/{rel}","templated":true}]}}