{"id":15511,"date":"2024-08-19T10:51:12","date_gmt":"2024-08-19T13:51:12","guid":{"rendered":"https:\/\/www.visionweb.com.ar\/?p=15511"},"modified":"2024-08-19T10:51:12","modified_gmt":"2024-08-19T13:51:12","slug":"organizaciones-sociales-hoy-marchan-contra-pettovello","status":"publish","type":"post","link":"https:\/\/www.visionweb.com.ar\/?p=15511","title":{"rendered":"Organizaciones sociales hoy marchan contra Pettovello"},"content":{"rendered":"<p><em><strong>Bajo el lema \u201cLa peor violencia es el hambre\u201d, habr\u00e1 una marcha que llevar\u00e1n adelante por las calles de la Ciudad, por el \u201cgrav\u00edsimo deterioro de las condiciones de vida de las infancias en Argentina\u201d, sentenciaron.<\/strong><\/em><!--more--><\/p>\n<div id=\"attachment_11528\" style=\"width: 310px\" class=\"wp-caption alignright\"><img loading=\"lazy\" decoding=\"async\" aria-describedby=\"caption-attachment-11528\" class=\"wp-image-11528 size-medium\" src=\"https:\/\/www.visionweb.com.ar\/wp-content\/uploads\/2023\/08\/a-piquete-300x154.png\" alt=\"\" width=\"300\" height=\"154\" srcset=\"https:\/\/www.visionweb.com.ar\/wp-content\/uploads\/2023\/08\/a-piquete-300x154.png 300w, https:\/\/www.visionweb.com.ar\/wp-content\/uploads\/2023\/08\/a-piquete.png 472w\" sizes=\"auto, (max-width: 300px) 100vw, 300px\" \/><p id=\"caption-attachment-11528\" class=\"wp-caption-text\">Foto de archivo<\/p><\/div>\n<p><strong>\u00a0\u00a0 \u00a0 Organizaciones sociales<\/strong>\u00a0llevar\u00e1n adelante este lunes, una marcha en contra de la\u00a0<strong><a href=\"https:\/\/www.argentina.gob.ar\/capital-humano\">ministra de Capital Humano<\/a><\/strong>,\u00a0<strong>Sandra Pettovello, <\/strong>como consecuencia del desabastecimiento de los comedores, bajo el lema \u201c<strong>La peor violencia es el hambre<\/strong>\u201d. Pedir\u00e1n ser recibidos por el\u00a0<strong>Gobierno nacional<\/strong>.<\/p>\n<p>Seg\u00fan informaron, coordinaron la marcha en el marco del\u00a0<strong>D\u00eda de la Ni\u00f1ez<\/strong>\u00a0por los devastadores n\u00fameros que dieron a conocer diferentes organismos como el\u00a0<strong>Fondo de las Naciones Unidas para las Infancias<\/strong>\u00a0(<strong>UNICEF<\/strong>) o la\u00a0<strong>Universidad Cat\u00f3lica Argentina<\/strong>\u00a0(<strong>UCA<\/strong>).<\/p>\n<p>En esa l\u00ednea, las\u00a0<strong>organizaciones sociales\u00a0<\/strong>se movilizar\u00e1n hoy a partir de las 11 horas a las puertas del\u00a0<strong>Ministerio de Capital Humano<\/strong><\/p>\n<p>\u201cMientras se duplica la indigencia, la\u00a0<strong>Ministra de Capital Humano\u00a0<\/strong>solo tiene palabras hostiles, y busca la criminalizaci\u00f3n de las organizaciones, y pese a las intimaciones judiciales no ejecuta siquiera las pol\u00edticas alimentarias ya presupuestadas\u201d, manifestaron en un <strong>comunicado<\/strong> <strong>las organizaciones sociales nucleadas en\u00a0Territorios en lucha<\/strong>, que arribar\u00e1n a las inmediaciones de la cartera ubicada en\u00a0<strong>Juncal\u00a0<\/strong>y\u00a0<strong>Carlos Pellegrini<\/strong>.<\/p>\n<p>En esta l\u00ednea, las\u00a0<strong>organizaciones sociales\u00a0<\/strong>responsabilizaron en el mensaje a la ministra\u00a0<strong>Pettovello\u00a0<\/strong>por los \u201cdatos escandalosos\u201d de los informes publicados y que dan cuenta del \u201c<strong>grav\u00edsimo deterioro de las condiciones de vida de las infancias en Argentina<\/strong>\u201d, al tiempo que detallaron que volver\u00e1n a pedir que la\u00a0<strong>Ministra de Capital Humano<\/strong>\u00a0los reciba para que d\u00e9 \u201crespuestas concretas ante la\u00a0<strong>Emergencia Social<\/strong>\u00a0que el propio\u00a0<strong>Gobierno\u00a0<\/strong>reconoce\u201d.<\/p>\n<p>Cabe recordar que, <strong>UNICEF<\/strong> dio a conocer en su reciente informe, que hay m\u00e1s de 7 millones de ni\u00f1os que\u00a0viven bajo la l\u00ednea de la\u00a0<strong>pobreza\u00a0<\/strong>en\u00a0<strong>Argentina<\/strong>, mientras que mil millones de\u00a0<strong>chicos\u00a0<\/strong>se van a dormir habi\u00e9ndose salteado la cena, y la cifra alcanza a los 1.500 millones si se tiene en cuenta que no ingieren alguna de las comidas esenciales. (Ver nota: <a href=\"https:\/\/www.visionweb.com.ar\/?p=15457\">https:\/\/www.visionweb.com.ar\/?p=15457<\/a>)<\/p>\n<p>Por su parte, desde la\u00a0<strong>UCA\u00a0<\/strong>dieron a conocer un estudio sobre los datos de 2023 en el que revela que el <strong>62,9% de los<\/strong>\u00a0<strong>ni\u00f1os\u00a0<\/strong>y\u00a0<strong>adolescentes\u00a0<\/strong>vive en situaci\u00f3n de\u00a0<strong>pobreza\u00a0<\/strong>y el <strong>16,2% se encuentra en la indigencia <\/strong>en el pa\u00eds, y detalla que es la cifra m\u00e1s alta de la que se tiene registro desde el 2010.<\/p>\n<p>En concreto, las\u00a0<strong>organizaciones sociales\u00a0<\/strong>que marchar\u00e1n son Federaci\u00f3n Nacional Territorial CTA Aut\u00f3noma, Libres del Sur, Movimiento Argentina Rebelde Mar, Frente Popular Dar\u00edo Santill\u00e1n, Frente de Organizaciones en Lucha, Movimiento por la Unidad Latinoamaricana y el Cambio Social, Movimiento 8 de Abril, Federaci\u00f3n de Organizaciones de Base Aut\u00f3noma y Movimiento Juana Azurduy, entre otros.<\/p>\n<p><strong>La campa\u00f1a de las organizaciones sociales que naci\u00f3 en la era Milei<\/strong><\/p>\n<p>Las\u00a0<strong>organizaciones sociales<\/strong>\u00a0lanzaron desde\u00a0<strong>Territorios en lucha<\/strong>\u00a0el viernes 19 de julio la campa\u00f1a \u201c<strong>La peor violencia es el hambre<\/strong>\u201d con un despliegue de m\u00e1s de 500 ollas populares que se distribuyeron en todo el pa\u00eds con una actividad epicentro en el\u00a0<strong>Obelisco\u00a0<\/strong>de\u00a0<strong>Capital Federal<\/strong>, en repudio a las medidas econ\u00f3micas del\u00a0<strong>Gobierno\u00a0<\/strong>de\u00a0<strong>Javier Milei\u00a0<\/strong>que subieron los registros de la pobreza.<\/p>\n<p>Asimismo, el comienzo de la campa\u00f1a, se dio en el marco de la causa que enfrenta\u00a0<strong>Pettovello\u00a0<\/strong>por la retenci\u00f3n de al menos 5 millones de kilos de alimentos que ten\u00edan como destino final 40 mil comedores populares, y la pol\u00e9mica por un lote de mantas y frazadas que habr\u00eda heredado el\u00a0<strong>Ministerio de Capital Humano<\/strong>\u00a0de la gesti\u00f3n anterior. <strong>(VW)<\/strong><\/p>\n<p>&nbsp;<\/p>\n","protected":false},"excerpt":{"rendered":"<p>Bajo el lema \u201cLa peor violencia es el hambre\u201d, habr\u00e1 una marcha que llevar\u00e1n adelante por las calles de la Ciudad, por el \u201cgrav\u00edsimo deterioro de las condiciones de vida de las infancias en&#46;&#46;&#46;<\/p>\n","protected":false},"author":4,"featured_media":11528,"comment_status":"closed","ping_status":"closed","sticky":false,"template":"","format":"standard","meta":{"_monsterinsights_skip_tracking":false,"_monsterinsights_sitenote_active":false,"_monsterinsights_sitenote_note":"","_monsterinsights_sitenote_category":0,"footnotes":""},"categories":[4,5],"tags":[6554,6556,6555],"class_list":["post-15511","post","type-post","status-publish","format-standard","has-post-thumbnail","hentry","category-politica","category-sociedad","tag-marcha-de-organizaciones-sociales","tag-ministerio-de-capital-humano","tag-petrovello"],"_links":{"self":[{"href":"https:\/\/www.visionweb.com.ar\/index.php?rest_route=\/wp\/v2\/posts\/15511","targetHints":{"allow":["GET"]}}],"collection":[{"href":"https:\/\/www.visionweb.com.ar\/index.php?rest_route=\/wp\/v2\/posts"}],"about":[{"href":"https:\/\/www.visionweb.com.ar\/index.php?rest_route=\/wp\/v2\/types\/post"}],"author":[{"embeddable":true,"href":"https:\/\/www.visionweb.com.ar\/index.php?rest_route=\/wp\/v2\/users\/4"}],"replies":[{"embeddable":true,"href":"https:\/\/www.visionweb.com.ar\/index.php?rest_route=%2Fwp%2Fv2%2Fcomments&post=15511"}],"version-history":[{"count":1,"href":"https:\/\/www.visionweb.com.ar\/index.php?rest_route=\/wp\/v2\/posts\/15511\/revisions"}],"predecessor-version":[{"id":15512,"href":"https:\/\/www.visionweb.com.ar\/index.php?rest_route=\/wp\/v2\/posts\/15511\/revisions\/15512"}],"wp:featuredmedia":[{"embeddable":true,"href":"https:\/\/www.visionweb.com.ar\/index.php?rest_route=\/wp\/v2\/media\/11528"}],"wp:attachment":[{"href":"https:\/\/www.visionweb.com.ar\/index.php?rest_route=%2Fwp%2Fv2%2Fmedia&parent=15511"}],"wp:term":[{"taxonomy":"category","embeddable":true,"href":"https:\/\/www.visionweb.com.ar\/index.php?rest_route=%2Fwp%2Fv2%2Fcategories&post=15511"},{"taxonomy":"post_tag","embeddable":true,"href":"https:\/\/www.visionweb.com.ar\/index.php?rest_route=%2Fwp%2Fv2%2Ftags&post=15511"}],"curies":[{"name":"wp","href":"https:\/\/api.w.org\/{rel}","templated":true}]}}