{"id":15504,"date":"2024-08-16T16:37:32","date_gmt":"2024-08-16T19:37:32","guid":{"rendered":"https:\/\/www.visionweb.com.ar\/?p=15504"},"modified":"2024-08-16T16:37:32","modified_gmt":"2024-08-16T19:37:32","slug":"kicillof-creo-la-direccion-provincial-de-estadisticas-y-medira-la-inflacion-bonaerense-con-el-uso-de-ia","status":"publish","type":"post","link":"https:\/\/www.visionweb.com.ar\/?p=15504","title":{"rendered":"Kicillof cre\u00f3 la Direcci\u00f3n Provincial de Estad\u00edsticas y medir\u00e1 la inflaci\u00f3n bonaerense con el uso de IA"},"content":{"rendered":"<p><em><strong>El gobierno bonaerense firm\u00f3 un convenio para desarrollar un software que le permita medir la inflaci\u00f3n de los productos de la canasta b\u00e1sica de la mano de la Inteligencia Artificial para \u201cdescubrir patrones de comportamiento\u201d en los\u00a0precios\u00a0y los\u00a0productos, como aumentos, ca\u00eddas, cambios de presentaci\u00f3n, disponibilidad.<\/strong><strong>\u00a0<\/strong><\/em><!--more--><\/p>\n<p><strong>\u00a0\u00a0\u00a0\u00a0\u00a0 <img loading=\"lazy\" decoding=\"async\" class=\"size-medium wp-image-9672 alignright\" src=\"https:\/\/www.visionweb.com.ar\/wp-content\/uploads\/2023\/02\/Supermercado-canasta-300x225.jpg\" alt=\"\" width=\"300\" height=\"225\" srcset=\"https:\/\/www.visionweb.com.ar\/wp-content\/uploads\/2023\/02\/Supermercado-canasta-300x225.jpg 300w, https:\/\/www.visionweb.com.ar\/wp-content\/uploads\/2023\/02\/Supermercado-canasta-320x240.jpg 320w, https:\/\/www.visionweb.com.ar\/wp-content\/uploads\/2023\/02\/Supermercado-canasta.bmp 400w\" sizes=\"auto, (max-width: 300px) 100vw, 300px\" \/> E<\/strong>l\u00a0gobernador de la provincia de Buenos Aires <strong>Axel Kicillof, <\/strong>aprob\u00f3 un\u00a0<strong>convenio de investigaci\u00f3n y desarrollo<\/strong>\u00a0que se firm\u00f3 con la\u00a0<strong>Universidad Nacional de San Luis<\/strong>\u00a0(UNSL) y la\u00a0<strong>Fundaci\u00f3n Manuel Sadosky<\/strong>, con el objetivo de crear una medici\u00f3n propia de la\u00a0<strong>inflaci\u00f3n bonaerense<\/strong>\u00a0en productos de la canasta b\u00e1sica, mediante la implementaci\u00f3n de un software con\u00a0<strong>Inteligencia Artificial<\/strong>\u00a0(<strong>IA<\/strong>).<\/p>\n<p>En rigor,\u00a0<strong>el acuerdo se firm\u00f3 el 4 de diciembre de 2023 y tiene una vigencia de un a\u00f1o<\/strong>. En ese periodo de tiempo, las entidades firmantes se comprometieron a trabajar en una medici\u00f3n de la inflaci\u00f3n. Sin embargo, podr\u00edan prorrogarlo por un a\u00f1o m\u00e1s si lo consideran necesario.<\/p>\n<p>El documento, contiene precisiones sobre esta nueva medici\u00f3n de la\u00a0<strong>inflaci\u00f3n bonaerense\u00a0<\/strong>y prev\u00e9 el desarrollo de un software para la obtenci\u00f3n autom\u00e1tica de datos para el\u00a0<strong>\u00cdndice de Precios al Consumidor de la provincia de Buenos Aires<\/strong>\u00a0(<strong>IPC-PBA<\/strong>).<\/p>\n<p>Seg\u00fan reza el convenio, el objetivo formal implica la creaci\u00f3n de una\u00a0herramienta digital que haga el relevamiento de manera autom\u00e1tica\u00a0a trav\u00e9s de\u00a0Internet. En concreto, el software le permitir\u00eda a la\u00a0<strong>Ejecutivo\u00a0<\/strong>de\u00a0<strong>Kicillof\u00a0<\/strong>monitorear los precios de los productos de la canasta b\u00e1sica en las grandes cadenas de supermercados, como as\u00ed tambi\u00e9n de peque\u00f1os y medianos comercios en\u00a0distintas zonas del territorio\u00a0<strong>bonaerense<\/strong>.<\/p>\n<p>Asimismo, el\u00a0<strong>Gobierno\u00a0<\/strong>dispuso a la\u00a0<strong><a href=\"https:\/\/www.estadistica.ec.gba.gov.ar\/dpe\/\">Direcci\u00f3n Provincial de Estad\u00edstica<\/a><\/strong>\u00a0al frente de esta iniciativa. La dependencia del\u00a0<strong>Ministerio de Econom\u00eda<\/strong>\u00a0provincial est\u00e1 a cargo de\u00a0<strong>Diego Rusansky<\/strong>, quien le puso la firma al convenio y ser\u00e1 el encargado de poner en marcha el proyecto que inaugura la medici\u00f3n de la\u00a0<strong>inflaci\u00f3n bonaerense<\/strong>.<\/p>\n<p>Seg\u00fan expresa el documento oficial, la\u00a0<strong>UNSL<\/strong>\u00a0aportar\u00e1 los recursos humanos, las instalaciones y el equipamiento. Mientras que, la\u00a0<strong>Fundaci\u00f3n Manuel Sadosky<\/strong>\u00a0ser\u00e1 la encargada de armar los equipos de investigaci\u00f3n, asistirlos y dirigirlos.<\/p>\n<p>Luego de crear la herramienta digital y ponerla en marcha,\u00a0la intenci\u00f3n de las autoridades es definir y entrenar modelos de aprendizaje autom\u00e1tico para el software. El\u00a0algoritmo\u00a0servir\u00eda para <strong>\u201cdescubrir patrones de comportamiento\u201d en los\u00a0precios\u00a0y los\u00a0productos: aumentos, ca\u00eddas, cambios de presentaci\u00f3n, disponibilidad<\/strong>, entre otras cosas.<\/p>\n<p>Con esta herramienta de\u00a0<strong>Inteligencia Artificial<\/strong>,\u00a0la\u00a0<strong>Direcci\u00f3n Provincial de Estad\u00edstica<\/strong>\u00a0podr\u00eda no solo contar con valores siempre actualizados de los precios, sino tambi\u00e9n analizar las tendencias\u00a0de consumo.<\/p>\n<p><strong>El Ministro de Econom\u00eda de Kicillof apunt\u00f3 contra Naci\u00f3n<\/strong><\/p>\n<p>El\u00a0<strong>ministro de econom\u00eda bonaerense<\/strong>, <strong>Pablo L\u00f3pez<\/strong>, volvi\u00f3 a disparar contra la gesti\u00f3n\u00a0<strong>Javier Milei\u00a0<\/strong>respecto a la ca\u00edda del poder adquisitivo de los trabajadores, que en el primer semestre de 2024 marc\u00f3 un descenso del 19% con respecto al mismo per\u00edodo del a\u00f1o pasado. \u201cLa recesi\u00f3n, la creciente desocupaci\u00f3n y el hundimiento en t\u00e9rminos reales de los ingresos populares es un objetivo expl\u00edcito del Gobierno nacional\u201d, declar\u00f3 L\u00f3pez.<\/p>\n<p>El funcionario provincial se\u00f1al\u00f3 que <strong>la p\u00e9rdida salarial no es la \u00fanica variable de ajuste. \u201cDesde que asumi\u00f3\u00a0Milei, se perdieron m\u00e1s de 120 mil puestos asalariados registrados en todo el pa\u00eds<\/strong>. De ese total, 50 mil son de la Provincia. Como venimos se\u00f1alando,\u00a0<strong>el Gobierno nacional castiga especialmente a la provincia de Buenos Aires<\/strong>\u201d.<\/p>\n<p>Asimismo,\u00a0<strong>L\u00f3pez\u00a0<\/strong>cuestion\u00f3 que, ante la ca\u00edda de los salarios y del empleo formal, la participaci\u00f3n asalariada en el ingreso tambi\u00e9n est\u00e1 en pleno retroceso. \u201cEl ajuste es regresivo y lo est\u00e1n pagando las y los trabajadores de todo el pa\u00eds\u201d, subray\u00f3 el\u00a0Ministro.<\/p>\n<p>A la vez, el titular de la cartera de\u00a0Econom\u00eda\u00a0remarc\u00f3 que el Gobierno nacional lleva adelante un modelo que \u201ccastiga a los trabajadores\u201d, y sentenci\u00f3 que \u201cprivilegia un supuesto orden macroecon\u00f3mico que nunca llega\u201d. <strong>(VW)<\/strong><\/p>\n","protected":false},"excerpt":{"rendered":"<p>El gobierno bonaerense firm\u00f3 un convenio para desarrollar un software que le permita medir la inflaci\u00f3n de los productos de la canasta b\u00e1sica de la mano de la Inteligencia Artificial para \u201cdescubrir patrones de&#46;&#46;&#46;<\/p>\n","protected":false},"author":4,"featured_media":9672,"comment_status":"closed","ping_status":"closed","sticky":false,"template":"","format":"standard","meta":{"_monsterinsights_skip_tracking":false,"_monsterinsights_sitenote_active":false,"_monsterinsights_sitenote_note":"","_monsterinsights_sitenote_category":0,"footnotes":""},"categories":[6,4],"tags":[6553,167,6552],"class_list":["post-15504","post","type-post","status-publish","format-standard","has-post-thumbnail","hentry","category-economia","category-politica","tag-direccion-provincial-de-estadistica","tag-kicillof","tag-medira-la-inflacion"],"_links":{"self":[{"href":"https:\/\/www.visionweb.com.ar\/index.php?rest_route=\/wp\/v2\/posts\/15504","targetHints":{"allow":["GET"]}}],"collection":[{"href":"https:\/\/www.visionweb.com.ar\/index.php?rest_route=\/wp\/v2\/posts"}],"about":[{"href":"https:\/\/www.visionweb.com.ar\/index.php?rest_route=\/wp\/v2\/types\/post"}],"author":[{"embeddable":true,"href":"https:\/\/www.visionweb.com.ar\/index.php?rest_route=\/wp\/v2\/users\/4"}],"replies":[{"embeddable":true,"href":"https:\/\/www.visionweb.com.ar\/index.php?rest_route=%2Fwp%2Fv2%2Fcomments&post=15504"}],"version-history":[{"count":1,"href":"https:\/\/www.visionweb.com.ar\/index.php?rest_route=\/wp\/v2\/posts\/15504\/revisions"}],"predecessor-version":[{"id":15505,"href":"https:\/\/www.visionweb.com.ar\/index.php?rest_route=\/wp\/v2\/posts\/15504\/revisions\/15505"}],"wp:featuredmedia":[{"embeddable":true,"href":"https:\/\/www.visionweb.com.ar\/index.php?rest_route=\/wp\/v2\/media\/9672"}],"wp:attachment":[{"href":"https:\/\/www.visionweb.com.ar\/index.php?rest_route=%2Fwp%2Fv2%2Fmedia&parent=15504"}],"wp:term":[{"taxonomy":"category","embeddable":true,"href":"https:\/\/www.visionweb.com.ar\/index.php?rest_route=%2Fwp%2Fv2%2Fcategories&post=15504"},{"taxonomy":"post_tag","embeddable":true,"href":"https:\/\/www.visionweb.com.ar\/index.php?rest_route=%2Fwp%2Fv2%2Ftags&post=15504"}],"curies":[{"name":"wp","href":"https:\/\/api.w.org\/{rel}","templated":true}]}}