{"id":15502,"date":"2024-08-16T16:00:09","date_gmt":"2024-08-16T19:00:09","guid":{"rendered":"https:\/\/www.visionweb.com.ar\/?p=15502"},"modified":"2024-08-16T16:00:09","modified_gmt":"2024-08-16T19:00:09","slug":"crisis-el-sector-privado-perdio-mas-de-130-mil-puestos-de-trabajo","status":"publish","type":"post","link":"https:\/\/www.visionweb.com.ar\/?p=15502","title":{"rendered":"Crisis: El sector privado perdi\u00f3 m\u00e1s de 130 mil puestos de trabajo"},"content":{"rendered":"<p><em><strong>El sector privado entr\u00f3 en crisis luego de perder m\u00e1s de 130 mil puestos de trabajo entre enero y julio del 2024.<\/strong><\/em><!--more--><\/p>\n<p><img loading=\"lazy\" decoding=\"async\" class=\"size-medium wp-image-7939 alignright\" src=\"https:\/\/www.visionweb.com.ar\/wp-content\/uploads\/2022\/10\/INDUSTRIAS-PYMES-300x168.png\" alt=\"\" width=\"300\" height=\"168\" srcset=\"https:\/\/www.visionweb.com.ar\/wp-content\/uploads\/2022\/10\/INDUSTRIAS-PYMES-300x168.png 300w, https:\/\/www.visionweb.com.ar\/wp-content\/uploads\/2022\/10\/INDUSTRIAS-PYMES.png 640w\" sizes=\"auto, (max-width: 300px) 100vw, 300px\" \/>\u00a0\u00a0 <strong>E<\/strong>l\u00a0<strong>Sistema Integrado Previsional Argentino<\/strong>\u00a0(<strong>SIPA<\/strong>) comparti\u00f3 las estad\u00edsticas elaboradas por la Secretar\u00eda de Trabajo, Empleo y Seguridad Social de la Naci\u00f3n, que publica el\u00a0<strong>Centro de Econom\u00eda Pol\u00edtica de Argentina\u00a0<\/strong>(<strong>CEPA<\/strong>), y advirti\u00f3 una fuerte crisis en el\u00a0<strong>sector privado\u00a0<\/strong>tras la p\u00e9rdida de m\u00e1s de 130 mil\u00a0<strong>puestos de trabajo<\/strong>.<\/p>\n<p>Seg\u00fan el informe publicado por la Secretar\u00eda de Trabajo, Empleo y Seguridad de la Naci\u00f3n, <strong>entre enero y junio del 2024 el\u00a0sector privado\u00a0de la Argentina perdi\u00f3 130 mil\u00a0puestos de trabajo<\/strong>\u00a0clave, por lo cual, alrededor de 130 mil familias se quedaron sin ingresos mensuales o, en su defecto, pasaron a la informalidad laboral.<\/p>\n<p>En este sentido, la\u00a0<strong>SIPA<\/strong>\u00a0se\u00f1al\u00f3 que entre mayo y junio de este a\u00f1o desaparecieron 17.500 cuentas sueldo correspondientes a puestos del\u00a0<strong>sector privado<\/strong>, y esta vez, la construcci\u00f3n no encabez\u00f3 la lista de desempleo como en los meses anteriores, porque ya se hab\u00edan producido las bajas frente al parate de la obra p\u00fablica.<\/p>\n<p>As\u00ed, la recesi\u00f3n en el\u00a0<strong>sector privado<\/strong>\u00a0de los \u00faltimos meses golpe\u00f3 m\u00e1s fuerte a la industria manufacturera, que desde diciembre del 2023, despidi\u00f3 alrededor de 22.750 empleados que estaban registrados en el marco del\u00a0<strong>sector privado<\/strong>.<\/p>\n<p>De acuerdo al estudio efectuado por el\u00a0<strong>CEPA<\/strong>, en noviembre del 2023 el\u00a0<strong>sector privado<\/strong>\u00a0contabilizaba un total de 6.361.283 trabajadores. Sin embargo, llegaron a mayo con 6.243.213 puestos registrados, a los que se restan los 12.498 puestos desafectados de junio, es decir, quedaron 6.230.715 en pie para encarar la segunda mitad del a\u00f1o.<\/p>\n<p>En ese sentido, el\u00a0<strong>CEPA<\/strong>\u00a0tambi\u00e9n public\u00f3 un informe sobre\u00a0<strong>destrucci\u00f3n de empleo<\/strong>\u00a0y\u00a0<strong>cierre de empresas<\/strong>\u00a0en base a la\u00a0<strong>Superintendencia de Riesgos de Trabajo<\/strong>, que arroj\u00f3 que entre noviembre de 2023 y abril de 2024 se redujo la cantidad de empleadores en 7.860 casos, y que en el mismo per\u00edodo, se perdieron 170.695\u00a0<strong>puestos de trabajo<\/strong>\u00a0registrados.<\/p>\n<p>Del an\u00e1lisis de la reducci\u00f3n de casos de empleadores, se observa que los principales afectados en los primeros seis meses de la gesti\u00f3n de\u00a0<strong>Milei<\/strong>\u00a0son las empresas de hasta 500 trabajadores, que son el 99,5% del total de los casos, es decir, 7.820 empresas menos. Por el contrario, la cantidad de empleadores de m\u00e1s de 500 trabajadores explican s\u00f3lo el 0,5%, que son 40 casos.<\/p>\n<p>En lo que respecta a la <strong>ca\u00edda del empleo registrado por tama\u00f1o de empresa<\/strong>, el informe se\u00f1ala que durante los primeros tres meses de la gesti\u00f3n de\u00a0<strong>Milei<\/strong>, la expulsi\u00f3n de trabajadores se concentr\u00f3 en las empresas de mayor porte, que representaron el 74% de la p\u00e9rdida de empleo del\u00a0<strong>sector privado<\/strong>.<\/p>\n<p>En cambio, en los cinco meses que van entre noviembre de 2023 y abril de 2024, la reducci\u00f3n de personal por parte de las empresas con menos de 500 trabajadores fue sensiblemente menor, con 44.451 casos, que explicaban tan solo el 26% del total de desempleos en el\u00a0<strong>sector privado<\/strong>.<\/p>\n<p>Cabe mencionar que, en el relevamiento de\u00a0<strong>CEPA<\/strong>\u00a0se desagreg\u00f3 la cantidad de despidos y suspensiones por grandes ramas de actividad.<\/p>\n<p>La construcci\u00f3n es el sector con mayor cantidad de desvinculaciones, tras la decisi\u00f3n del\u00a0<strong>Gobierno nacional<\/strong>\u00a0de paralizar totalmente la obra p\u00fablica, con 100.000 despidos estimados por la\u00a0<strong>C\u00e1mara Argentina de la Construcci\u00f3n<\/strong>\u00a0(<strong>CAMARCO<\/strong>).<\/p>\n<p>Lo sigue en importancia el\u00a0<strong>sector industrial<\/strong>, con 76.311 despidos producto de la ca\u00edda del consumo por la p\u00e9rdida del poder adquisitivo de los ingresos de la clase media y baja a partir de la devaluaci\u00f3n y la desregulaci\u00f3n de amplios sectores de la econom\u00eda, y por \u00faltimo, est\u00e1n los servicios que acumulan 1.346 casos en este primer semestre.<\/p>\n<p>Estos despidos en el\u00a0<strong>sector privado<\/strong>\u00a0se suman a las 29.604 desvinculaciones relevadas por\u00a0<strong>CEPA<\/strong>\u00a0en el\u00a0<strong>sector p\u00fablico<\/strong>, principalmente en el\u00a0<strong>Estado Nacional<\/strong>, ya sea en la\u00a0<strong>Administraci\u00f3n Central<\/strong>\u00a0como en las\u00a0<strong>Empresas de Capital Estatal<\/strong>,\u00a0<strong>Correo Argentino<\/strong>\u00a0o\u00a0<strong>Radio<\/strong>\u00a0y\u00a0<strong>Televisi\u00f3n Argentina<\/strong>. <strong>(VW)<\/strong><\/p>\n","protected":false},"excerpt":{"rendered":"<p>El sector privado entr\u00f3 en crisis luego de perder m\u00e1s de 130 mil puestos de trabajo entre enero y julio del 2024.<\/p>\n","protected":false},"author":4,"featured_media":7939,"comment_status":"closed","ping_status":"closed","sticky":false,"template":"","format":"standard","meta":{"_monsterinsights_skip_tracking":false,"_monsterinsights_sitenote_active":false,"_monsterinsights_sitenote_note":"","_monsterinsights_sitenote_category":0,"footnotes":""},"categories":[6,5],"tags":[5696,122,6550,6551,6549],"class_list":["post-15502","post","type-post","status-publish","format-standard","has-post-thumbnail","hentry","category-economia","category-sociedad","tag-cepa","tag-informe","tag-perdida-de-puestos","tag-sector-privado","tag-sipa"],"_links":{"self":[{"href":"https:\/\/www.visionweb.com.ar\/index.php?rest_route=\/wp\/v2\/posts\/15502","targetHints":{"allow":["GET"]}}],"collection":[{"href":"https:\/\/www.visionweb.com.ar\/index.php?rest_route=\/wp\/v2\/posts"}],"about":[{"href":"https:\/\/www.visionweb.com.ar\/index.php?rest_route=\/wp\/v2\/types\/post"}],"author":[{"embeddable":true,"href":"https:\/\/www.visionweb.com.ar\/index.php?rest_route=\/wp\/v2\/users\/4"}],"replies":[{"embeddable":true,"href":"https:\/\/www.visionweb.com.ar\/index.php?rest_route=%2Fwp%2Fv2%2Fcomments&post=15502"}],"version-history":[{"count":1,"href":"https:\/\/www.visionweb.com.ar\/index.php?rest_route=\/wp\/v2\/posts\/15502\/revisions"}],"predecessor-version":[{"id":15503,"href":"https:\/\/www.visionweb.com.ar\/index.php?rest_route=\/wp\/v2\/posts\/15502\/revisions\/15503"}],"wp:featuredmedia":[{"embeddable":true,"href":"https:\/\/www.visionweb.com.ar\/index.php?rest_route=\/wp\/v2\/media\/7939"}],"wp:attachment":[{"href":"https:\/\/www.visionweb.com.ar\/index.php?rest_route=%2Fwp%2Fv2%2Fmedia&parent=15502"}],"wp:term":[{"taxonomy":"category","embeddable":true,"href":"https:\/\/www.visionweb.com.ar\/index.php?rest_route=%2Fwp%2Fv2%2Fcategories&post=15502"},{"taxonomy":"post_tag","embeddable":true,"href":"https:\/\/www.visionweb.com.ar\/index.php?rest_route=%2Fwp%2Fv2%2Ftags&post=15502"}],"curies":[{"name":"wp","href":"https:\/\/api.w.org\/{rel}","templated":true}]}}