{"id":15499,"date":"2024-08-16T15:28:48","date_gmt":"2024-08-16T18:28:48","guid":{"rendered":"https:\/\/www.visionweb.com.ar\/?p=15499"},"modified":"2024-08-16T15:28:48","modified_gmt":"2024-08-16T18:28:48","slug":"paritarias-el-gobierno-ofrecio-85-en-dos-tramos-para-estatales-y-docentes","status":"publish","type":"post","link":"https:\/\/www.visionweb.com.ar\/?p=15499","title":{"rendered":"Paritarias: El gobierno ofreci\u00f3 8,5% en dos tramos para estatales y docentes"},"content":{"rendered":"<p><em><strong>El ajuste ofrecido por la Provincia se pagar\u00eda en dos tramos. 4,5% a fines de agosto y el otro 4% a fines de septiembre.\u00a0 Los gremios del FUDB emitir\u00e1 un comunicado conjunto el lunes.<\/strong><\/em><!--more--><\/p>\n<p><img loading=\"lazy\" decoding=\"async\" class=\"size-medium wp-image-7706 alignright\" src=\"https:\/\/www.visionweb.com.ar\/wp-content\/uploads\/2022\/10\/Docentes-y-estatales-reciben-aumento-de-8-puntos-300x174.jpg\" alt=\"\" width=\"300\" height=\"174\" srcset=\"https:\/\/www.visionweb.com.ar\/wp-content\/uploads\/2022\/10\/Docentes-y-estatales-reciben-aumento-de-8-puntos-300x174.jpg 300w, https:\/\/www.visionweb.com.ar\/wp-content\/uploads\/2022\/10\/Docentes-y-estatales-reciben-aumento-de-8-puntos.jpg 640w\" sizes=\"auto, (max-width: 300px) 100vw, 300px\" \/>El Gobierno bonaerense\u00a0 cerr\u00f3 el incremento del 8,5% en dos tramos con los sindicatos que representan a los trabajadores de la ley 10.430, mientras que el pr\u00f3ximo lunes recibir\u00e1 una respuesta de los docentes y se reunir\u00e1 con los judiciales.<\/p>\n<p>La administraci\u00f3n de Axel Kicillof recibi\u00f3 en la v\u00edspera a docentes y estatales con una oferta del 4,5% de incremento para agosto y otro 4% para septiembre, con el compromiso de realizar un monitoreo en el noveno mes del a\u00f1o y reabrir la paritaria en octubre.<\/p>\n<p>En el caso de la negociaci\u00f3n de la ley 10.430, la oferta fue aceptada por UPCN, ATE y Fegepbba. \u201cAceptamos la propuesta salarial, bimestral, que contempla un 4,5% para agosto y un 4% para septiembre ya que \u00e9sta se encontrar\u00eda por encima de la proyecci\u00f3n de la inflaci\u00f3n para esos meses\u201d, destac\u00f3 la secretaria general adjunta de ATE, Eliana Aguirre.<\/p>\n<p>Y agreg\u00f3: \u201cTras el final de una nueva paritaria, como las que venimos teniendo de manera mensual a lo largo de este a\u00f1o, valoramos la voluntad pol\u00edtica y las instancias de negociaciones colectivas\u201d.<\/p>\n<p>En tanto, seg\u00fan pudo saber esta agencia, los gremios del Frente de Unidad Docente Bonaerense (FUDB) -que integran Suteba, FEB, Udocba, Sadop y AMET- responder\u00e1n el pr\u00f3ximo lunes en un comunicado conjunto, tras realizar las consultas internas en sus organizaciones. Todo indicar\u00eda que le dar\u00edan el \u201cOK\u201d.<\/p>\n<p>Por otro lado, el mismo lunes ser\u00e1 el turno de la negociaci\u00f3n con la Asociaci\u00f3n Judicial Bonaerense (AJB). El encuentro se realizar\u00e1 desde las 13 horas<strong>(VW)<\/strong>.<\/p>\n","protected":false},"excerpt":{"rendered":"<p>El ajuste ofrecido por la Provincia se pagar\u00eda en dos tramos. 4,5% a fines de agosto y el otro 4% a fines de septiembre.\u00a0 Los gremios del FUDB emitir\u00e1 un comunicado conjunto el lunes.<\/p>\n","protected":false},"author":3,"featured_media":7706,"comment_status":"closed","ping_status":"closed","sticky":false,"template":"","format":"standard","meta":{"_monsterinsights_skip_tracking":false,"_monsterinsights_sitenote_active":false,"_monsterinsights_sitenote_note":"","_monsterinsights_sitenote_category":0,"footnotes":""},"categories":[7,4],"tags":[141,410,1907,158],"class_list":["post-15499","post","type-post","status-publish","format-standard","has-post-thumbnail","hentry","category-educacion-y-cultura","category-politica","tag-aumentos","tag-docentes","tag-estatales","tag-paritarias"],"_links":{"self":[{"href":"https:\/\/www.visionweb.com.ar\/index.php?rest_route=\/wp\/v2\/posts\/15499","targetHints":{"allow":["GET"]}}],"collection":[{"href":"https:\/\/www.visionweb.com.ar\/index.php?rest_route=\/wp\/v2\/posts"}],"about":[{"href":"https:\/\/www.visionweb.com.ar\/index.php?rest_route=\/wp\/v2\/types\/post"}],"author":[{"embeddable":true,"href":"https:\/\/www.visionweb.com.ar\/index.php?rest_route=\/wp\/v2\/users\/3"}],"replies":[{"embeddable":true,"href":"https:\/\/www.visionweb.com.ar\/index.php?rest_route=%2Fwp%2Fv2%2Fcomments&post=15499"}],"version-history":[{"count":1,"href":"https:\/\/www.visionweb.com.ar\/index.php?rest_route=\/wp\/v2\/posts\/15499\/revisions"}],"predecessor-version":[{"id":15501,"href":"https:\/\/www.visionweb.com.ar\/index.php?rest_route=\/wp\/v2\/posts\/15499\/revisions\/15501"}],"wp:featuredmedia":[{"embeddable":true,"href":"https:\/\/www.visionweb.com.ar\/index.php?rest_route=\/wp\/v2\/media\/7706"}],"wp:attachment":[{"href":"https:\/\/www.visionweb.com.ar\/index.php?rest_route=%2Fwp%2Fv2%2Fmedia&parent=15499"}],"wp:term":[{"taxonomy":"category","embeddable":true,"href":"https:\/\/www.visionweb.com.ar\/index.php?rest_route=%2Fwp%2Fv2%2Fcategories&post=15499"},{"taxonomy":"post_tag","embeddable":true,"href":"https:\/\/www.visionweb.com.ar\/index.php?rest_route=%2Fwp%2Fv2%2Ftags&post=15499"}],"curies":[{"name":"wp","href":"https:\/\/api.w.org\/{rel}","templated":true}]}}