{"id":15498,"date":"2024-08-16T15:23:55","date_gmt":"2024-08-16T18:23:55","guid":{"rendered":"https:\/\/www.visionweb.com.ar\/?p=15498"},"modified":"2024-08-16T15:23:55","modified_gmt":"2024-08-16T18:23:55","slug":"viruela-del-mono-ante-la-nueva-variante-reforzaran-la-vigilancia-en-aeropuertos-y-fronteras","status":"publish","type":"post","link":"https:\/\/www.visionweb.com.ar\/?p=15498","title":{"rendered":"Viruela del mono: Ante la nueva variante reforzar\u00e1n la vigilancia en aeropuertos y fronteras"},"content":{"rendered":"<p><em><strong>Con motivo de la alerta de la OMS tras la aparici\u00f3n en \u00c1frica de una nueva variante de la enfermedad el Ministerio de Salud emiti\u00f3 un comunicado para ampliar la prevenci\u00f3n en todos los puntos de entrada al pa\u00eds.<\/strong><\/em><!--more--><\/p>\n<p><strong>\u00a0\u00a0 <img loading=\"lazy\" decoding=\"async\" class=\"size-full wp-image-4280 alignright\" src=\"https:\/\/www.visionweb.com.ar\/wp-content\/uploads\/2022\/01\/aeropuerto.bmp\" alt=\"\" width=\"414\" height=\"307\" \/> L<\/strong>uego de que la\u00a0<strong>Organizaci\u00f3n Mundial de la Salud<\/strong>\u00a0(OMS) declarara la\u00a0<strong>viruela del mono (mpox)<\/strong>\u00a0como un \u201c<strong>un evento de salud p\u00fablica internacional<\/strong>\u201d, el Ministerio de Salud de la Naci\u00f3n comunic\u00f3 que\u00a0<strong>se decidi\u00f3 reforzar la vigilancia epidemiol\u00f3gica en aeropuertos y fronteras para la detecci\u00f3n y medidas de aislamiento y rastreo de casos.<\/strong><\/p>\n<p>\u201cSe reforzaron las recomendaciones seg\u00fan las gu\u00edas del Reglamento Sanitario Internacional para dar las alertas ante sospechas a todos los referentes de frontera en los puntos de entrada terrestre, puertos y aeropuertos\u201d, explic\u00f3 la cartera sanitaria nacional en un comunicado.<\/p>\n<p><strong>El llamado de alerta de la OMS<\/strong> tiene lugar luego de la identificaci\u00f3n de una nueva variante del virus mpox,\u00a0<strong>Clado Ib<\/strong>, en \u00c1frica, la cual a\u00fan no se ha identificado a\u00fan en el continente americano.<\/p>\n<p>Seg\u00fan el \u00faltimo Bolet\u00edn Epidemiol\u00f3gico Nacional emitido el 12 de agosto pasado, se confirmaron 5 casos de viruela s\u00edmica en el pa\u00eds, de un total de 39 casos notificados. De estos diagn\u00f3sticos,\u00a0<strong>tres poseen antecedentes de viaje o contacto con viajeros<\/strong>.<\/p>\n<p>Esto incentiva a extremar <strong>precauciones en las personas que ingresan al pa\u00eds tanto por v\u00eda terrestre, mar\u00edtima o en avi\u00f3n<\/strong>.<\/p>\n<p>En la Argentina hasta el momento se identific\u00f3 el\u00a0<strong>Clado II<\/strong>, el mismo que se registr\u00f3 desde el inicio de la circulaci\u00f3n de esta enfermedad en el a\u00f1o 2022. Esta variante circula en m\u00e1s de 30 pa\u00edses de la regi\u00f3n y en m\u00faltiples pa\u00edses del mundo. <strong>(VW)<\/strong><\/p>\n<p>&nbsp;<\/p>\n","protected":false},"excerpt":{"rendered":"<p>Con motivo de la alerta de la OMS tras la aparici\u00f3n en \u00c1frica de una nueva variante de la enfermedad el Ministerio de Salud emiti\u00f3 un comunicado para ampliar la prevenci\u00f3n en todos los&#46;&#46;&#46;<\/p>\n","protected":false},"author":4,"featured_media":4280,"comment_status":"closed","ping_status":"closed","sticky":false,"template":"","format":"standard","meta":{"_monsterinsights_skip_tracking":false,"_monsterinsights_sitenote_active":false,"_monsterinsights_sitenote_note":"","_monsterinsights_sitenote_category":0,"footnotes":""},"categories":[8],"tags":[3053,1899,1442,6548,2338],"class_list":["post-15498","post","type-post","status-publish","format-standard","has-post-thumbnail","hentry","category-interes-general","tag-aeropuertos","tag-ministerio-de-salud","tag-oms","tag-vigilancia-en-fronteras","tag-viruela-del-mono"],"_links":{"self":[{"href":"https:\/\/www.visionweb.com.ar\/index.php?rest_route=\/wp\/v2\/posts\/15498","targetHints":{"allow":["GET"]}}],"collection":[{"href":"https:\/\/www.visionweb.com.ar\/index.php?rest_route=\/wp\/v2\/posts"}],"about":[{"href":"https:\/\/www.visionweb.com.ar\/index.php?rest_route=\/wp\/v2\/types\/post"}],"author":[{"embeddable":true,"href":"https:\/\/www.visionweb.com.ar\/index.php?rest_route=\/wp\/v2\/users\/4"}],"replies":[{"embeddable":true,"href":"https:\/\/www.visionweb.com.ar\/index.php?rest_route=%2Fwp%2Fv2%2Fcomments&post=15498"}],"version-history":[{"count":1,"href":"https:\/\/www.visionweb.com.ar\/index.php?rest_route=\/wp\/v2\/posts\/15498\/revisions"}],"predecessor-version":[{"id":15500,"href":"https:\/\/www.visionweb.com.ar\/index.php?rest_route=\/wp\/v2\/posts\/15498\/revisions\/15500"}],"wp:featuredmedia":[{"embeddable":true,"href":"https:\/\/www.visionweb.com.ar\/index.php?rest_route=\/wp\/v2\/media\/4280"}],"wp:attachment":[{"href":"https:\/\/www.visionweb.com.ar\/index.php?rest_route=%2Fwp%2Fv2%2Fmedia&parent=15498"}],"wp:term":[{"taxonomy":"category","embeddable":true,"href":"https:\/\/www.visionweb.com.ar\/index.php?rest_route=%2Fwp%2Fv2%2Fcategories&post=15498"},{"taxonomy":"post_tag","embeddable":true,"href":"https:\/\/www.visionweb.com.ar\/index.php?rest_route=%2Fwp%2Fv2%2Ftags&post=15498"}],"curies":[{"name":"wp","href":"https:\/\/api.w.org\/{rel}","templated":true}]}}