{"id":15495,"date":"2024-08-16T15:07:42","date_gmt":"2024-08-16T18:07:42","guid":{"rendered":"https:\/\/www.visionweb.com.ar\/?p=15495"},"modified":"2024-08-16T15:07:42","modified_gmt":"2024-08-16T18:07:42","slug":"el-municipio-de-lomas-de-zamora-recibe-fondos-de-fiscales-de-la-provincia","status":"publish","type":"post","link":"https:\/\/www.visionweb.com.ar\/?p=15495","title":{"rendered":"El municipio de Lomas de Zamora recibe fondos de fiscales de la Provincia"},"content":{"rendered":"<p><strong><em>Los recursos ser\u00e1n afectados a la continuaci\u00f3n de un serei de obras que ten\u00edan financiamiento nacional suspendido por los recortes del gobierno nacional.<\/em><\/strong> <!--more--><\/p>\n<p><strong><img loading=\"lazy\" decoding=\"async\" class=\"size-medium wp-image-15496 alignright\" src=\"https:\/\/www.visionweb.com.ar\/wp-content\/uploads\/2024\/08\/acuerdo-finaciamiento-300x203.png\" alt=\"\" width=\"300\" height=\"203\" srcset=\"https:\/\/www.visionweb.com.ar\/wp-content\/uploads\/2024\/08\/acuerdo-finaciamiento-300x203.png 300w, https:\/\/www.visionweb.com.ar\/wp-content\/uploads\/2024\/08\/acuerdo-finaciamiento.png 640w\" sizes=\"auto, (max-width: 300px) 100vw, 300px\" \/>El intendente Federico Oterm\u00edn particip\u00f3 del acto de firma del tercer desembolso del Fondo de Fortalecimiento Fiscal Municipal\u00a0<\/strong>(FFFM), que alcanza los $38.106 millones que ser\u00e1n transferidos a todos los municipios. En Lomas de Zamora hay m\u00e1s de una decena de\u00a0<a href=\"https:\/\/www.inforegion.com.ar\/2024\/06\/20\/denuncian-mas-de-una-decena-de-obras-en-lomas-de-zamora-paralizadas-por-el-ajuste-nacional\/\">obras abandonadas<\/a> porque el gobierno nacional dej\u00f3 de env\u00edar los fondos.<\/p>\n<p>\u201cParticipamos de la firma del Fondo de Fortalecimiento Fiscal Municipal,\u00a0<strong>un pilar para las gestiones locales y una herramienta clave dise\u00f1ada por nuestro gobernador Axel Kicillof y el gobierno bonaerense para acompa\u00f1ar a los municipios<\/strong>\u201c, remarc\u00f3 el jefe comunal.<\/p>\n<p><strong>Esta\u00a0<a href=\"https:\/\/www.inforegion.com.ar\/2024\/08\/16\/kicillof-cumplimos-nuestros-compromisos-porque-asumimos-la-tarea-de-acompanar-y-proteger-al-pueblo-de-la-provincia\/\">tercera cuota<\/a>\u00a0del FFFM representa el 30% de los recursos que los 135 distritos recibir\u00e1n este a\u00f1o mediante este instrumento.\u00a0<\/strong>Las transferencias se realizan por Coeficiente \u00danico de Distribuci\u00f3n (CUD), en tanto que los fondos son no reintegrables y de libre disponibilidad por parte de cada municipio.<\/p>\n<p>Los desembolsos anteriores fueron enviados en febrero y mayo de este a\u00f1o, representando el 40% del total del fondo, al tiempo que resta una \u00faltima etapa en los pr\u00f3ximos meses.<\/p>\n<p>De esta forma,\u00a0<strong>las obras p\u00fablicas siguen avanzando en todo el territorio a pesar de los recortes del Gobierno nacional<\/strong>: se encuentran en ejecuci\u00f3n m\u00e1s de 540 proyectos que incluyen obras hidr\u00e1ulicas, de vialidad, ingenier\u00eda, energ\u00eda, arquitectura y aguas y cloacas.<\/p>\n<p>M\u00e1s de\u00a0<strong>una decena de obras p\u00fablicas que hab\u00edan sido licitadas por la Naci\u00f3n y estaban en ejecuci\u00f3n\u00a0<\/strong>dentro del partido de Lomas de Zamora quedaron paralizadas por la suspensi\u00f3n de giro de fondos por parte del gobierno de Javier Milei, seg\u00fan denunci\u00f3 el Municipio local.<\/p>\n<p>Entre las m\u00e1s destacadas se encuentran la que encabeza\u00a0<strong>AySA con la realizaci\u00f3n de las redes cloacales\u00a0<\/strong>en Villa Centenario, los desag\u00fces de la zona c\u00e9ntrica, la segunda etapa de la cuenca del Arroyo del Rey, la estaci\u00f3n de bombeo del Arroyo Santa Catalina y la puesta en funcionamiento de la planta de tratamiento y la red de Fiorito. S\u00f3lo con estas cinco obras\u00a0<strong>se ven afectados m\u00e1s de 500 mil vecinos<\/strong>.<\/p>\n<p>En cuanto a conectividad del distrito, el gran impacto se ve en el cruce bajo las v\u00edas del Tren Roca en Temperley, que une el lado este y oeste con las\u00a0<strong>calles 14 de Julio y Avellaneda, que qued\u00f3 paralizado con los obradores en pie<\/strong>, con miles de vecinos que se ven afectados en su circulaci\u00f3n.<\/p>\n<p>El \u00e1rea educativa del distrito tambi\u00e9n se ve afectada con la suspensi\u00f3n de env\u00edo de recursos para\u00a0<strong>finalizar la segunda etapa del Polo Educativo Malvinas Argentina<\/strong>s y de la construcci\u00f3n de la nueva Escuela T\u00e9cnica profesional<strong>(VW)<\/strong>.<\/p>\n<p>&nbsp;<\/p>\n","protected":false},"excerpt":{"rendered":"<p>Los recursos ser\u00e1n afectados a la continuaci\u00f3n de un serei de obras que ten\u00edan financiamiento nacional suspendido por los recortes del gobierno nacional.<\/p>\n","protected":false},"author":3,"featured_media":15496,"comment_status":"closed","ping_status":"closed","sticky":false,"template":"","format":"standard","meta":{"_monsterinsights_skip_tracking":false,"_monsterinsights_sitenote_active":false,"_monsterinsights_sitenote_note":"","_monsterinsights_sitenote_category":0,"footnotes":""},"categories":[8],"tags":[6547,394,6410,493],"class_list":["post-15495","post","type-post","status-publish","format-standard","has-post-thumbnail","hentry","category-interes-general","tag-lomas-de-zamopra","tag-obras","tag-otermin","tag-recursos"],"_links":{"self":[{"href":"https:\/\/www.visionweb.com.ar\/index.php?rest_route=\/wp\/v2\/posts\/15495","targetHints":{"allow":["GET"]}}],"collection":[{"href":"https:\/\/www.visionweb.com.ar\/index.php?rest_route=\/wp\/v2\/posts"}],"about":[{"href":"https:\/\/www.visionweb.com.ar\/index.php?rest_route=\/wp\/v2\/types\/post"}],"author":[{"embeddable":true,"href":"https:\/\/www.visionweb.com.ar\/index.php?rest_route=\/wp\/v2\/users\/3"}],"replies":[{"embeddable":true,"href":"https:\/\/www.visionweb.com.ar\/index.php?rest_route=%2Fwp%2Fv2%2Fcomments&post=15495"}],"version-history":[{"count":1,"href":"https:\/\/www.visionweb.com.ar\/index.php?rest_route=\/wp\/v2\/posts\/15495\/revisions"}],"predecessor-version":[{"id":15497,"href":"https:\/\/www.visionweb.com.ar\/index.php?rest_route=\/wp\/v2\/posts\/15495\/revisions\/15497"}],"wp:featuredmedia":[{"embeddable":true,"href":"https:\/\/www.visionweb.com.ar\/index.php?rest_route=\/wp\/v2\/media\/15496"}],"wp:attachment":[{"href":"https:\/\/www.visionweb.com.ar\/index.php?rest_route=%2Fwp%2Fv2%2Fmedia&parent=15495"}],"wp:term":[{"taxonomy":"category","embeddable":true,"href":"https:\/\/www.visionweb.com.ar\/index.php?rest_route=%2Fwp%2Fv2%2Fcategories&post=15495"},{"taxonomy":"post_tag","embeddable":true,"href":"https:\/\/www.visionweb.com.ar\/index.php?rest_route=%2Fwp%2Fv2%2Ftags&post=15495"}],"curies":[{"name":"wp","href":"https:\/\/api.w.org\/{rel}","templated":true}]}}