{"id":15483,"date":"2024-08-15T10:33:09","date_gmt":"2024-08-15T13:33:09","guid":{"rendered":"https:\/\/www.visionweb.com.ar\/?p=15483"},"modified":"2024-08-15T10:33:09","modified_gmt":"2024-08-15T13:33:09","slug":"lanus-gobierno-invita-a-participar-del-proyecto-puente-literario","status":"publish","type":"post","link":"https:\/\/www.visionweb.com.ar\/?p=15483","title":{"rendered":"Lan\u00fas Gobierno invita a participar del proyecto Puente Literario"},"content":{"rendered":"<p><em><strong>En el marco los 80 a\u00f1os de la ciudad de Lan\u00fas, el Gobierno lanz\u00f3 la convocatoria para participar con obras como leyendas, poemas y cr\u00f3nicas. Hay tiempo para inscribirse hasta el 31 de agosto.<\/strong><\/em><!--more--><\/p>\n<p><strong><img loading=\"lazy\" decoding=\"async\" class=\"size-medium wp-image-15484 alignright\" src=\"https:\/\/www.visionweb.com.ar\/wp-content\/uploads\/2024\/08\/lanus-80-anos-300x300.png\" alt=\"\" width=\"300\" height=\"300\" srcset=\"https:\/\/www.visionweb.com.ar\/wp-content\/uploads\/2024\/08\/lanus-80-anos-300x300.png 300w, https:\/\/www.visionweb.com.ar\/wp-content\/uploads\/2024\/08\/lanus-80-anos-150x150.png 150w, https:\/\/www.visionweb.com.ar\/wp-content\/uploads\/2024\/08\/lanus-80-anos-80x80.png 80w, https:\/\/www.visionweb.com.ar\/wp-content\/uploads\/2024\/08\/lanus-80-anos-320x320.png 320w, https:\/\/www.visionweb.com.ar\/wp-content\/uploads\/2024\/08\/lanus-80-anos-65x65.png 65w, https:\/\/www.visionweb.com.ar\/wp-content\/uploads\/2024\/08\/lanus-80-anos.png 390w\" sizes=\"auto, (max-width: 300px) 100vw, 300px\" \/>\u00a0\u00a0 L<\/strong>an\u00fas Gobierno invita a los vecinos y vecinas a ser parte del <strong>proyecto Puente Literario<\/strong>, en el marco del <strong>80\u00b0 aniversario de la ciudad<\/strong>, con una obra de autor\u00eda propia que refleje la identidad lanusense.<\/p>\n<p>Para participar hay que registrarse en\u00a0<a href=\"http:\/\/www.lanus.gob.ar\/puente-literario\">www.lanus.gob.ar\/puente-literario<\/a>\u00a0y enviar su propia obra.<\/p>\n<p>Los g\u00e9neros literarios tenidos en cuenta son: <strong>poemas<\/strong> (extensi\u00f3n m\u00e1xima de 1 carilla), <strong>leyendas o mitos<\/strong> (extensi\u00f3n m\u00e1xima de 1 carilla) y <strong>cr\u00f3nicas<\/strong> (extensi\u00f3n m\u00e1xima de 2 carillas), inform\u00f3 la Subsecretar\u00eda de Prensa de Lan\u00fas.<\/p>\n<p>El cuerpo texto debe estar en fuente Arial tama\u00f1o 12, con alineaci\u00f3n justificada e interlineado de 1,5 puntos, en un formato de hoja A4 de Word y el nombre del archivo ser\u00e1 el t\u00edtulo de la obra junto con el apellido del autor o autora (TITULO-APELLIDO.DOC).<\/p>\n<p>Es importante que las obras transmitan el sentido de permanencia y la identidad de los barrios. Hay tiempo para participar hasta el s\u00e1bado 31 de agosto.<\/p>\n<p>Puente Literario es uno de los proyectos de Lan\u00fas Gobierno que tiene como objetivo recuperar las ra\u00edces de la vida de barrio y construir de forma comunitaria al ser cultural lanusense, en v\u00edsperas a los 80 a\u00f1os de la ciudad.<\/p>\n<p>Otras iniciativas destacadas en este sentido son las 45 obras de vecinos y vecinas que fueron elegidas para ser exhibidas en el Sal\u00f3n de Artes Visuales del Centro Cultural Leonardo Favio, y las Mateadas Lanusenses, que se llevan a cabo en todas las localidades del distrito, con la participaci\u00f3n, hasta el momento, de m\u00e1s de 250 personas, quienes compartieron sus an\u00e9cdotas, vivencias y relatos. <strong>(VW)<\/strong><\/p>\n<p>&nbsp;<\/p>\n","protected":false},"excerpt":{"rendered":"<p>En el marco los 80 a\u00f1os de la ciudad de Lan\u00fas, el Gobierno lanz\u00f3 la convocatoria para participar con obras como leyendas, poemas y cr\u00f3nicas. Hay tiempo para inscribirse hasta el 31 de agosto.<\/p>\n","protected":false},"author":4,"featured_media":15484,"comment_status":"closed","ping_status":"closed","sticky":false,"template":"","format":"standard","meta":{"_monsterinsights_skip_tracking":false,"_monsterinsights_sitenote_active":false,"_monsterinsights_sitenote_note":"","_monsterinsights_sitenote_category":0,"footnotes":""},"categories":[8],"tags":[876,850,6109,6542],"class_list":["post-15483","post","type-post","status-publish","format-standard","has-post-thumbnail","hentry","category-interes-general","tag-convocatoria","tag-inscripcion","tag-lanus-gobierno","tag-puente-literario"],"_links":{"self":[{"href":"https:\/\/www.visionweb.com.ar\/index.php?rest_route=\/wp\/v2\/posts\/15483","targetHints":{"allow":["GET"]}}],"collection":[{"href":"https:\/\/www.visionweb.com.ar\/index.php?rest_route=\/wp\/v2\/posts"}],"about":[{"href":"https:\/\/www.visionweb.com.ar\/index.php?rest_route=\/wp\/v2\/types\/post"}],"author":[{"embeddable":true,"href":"https:\/\/www.visionweb.com.ar\/index.php?rest_route=\/wp\/v2\/users\/4"}],"replies":[{"embeddable":true,"href":"https:\/\/www.visionweb.com.ar\/index.php?rest_route=%2Fwp%2Fv2%2Fcomments&post=15483"}],"version-history":[{"count":1,"href":"https:\/\/www.visionweb.com.ar\/index.php?rest_route=\/wp\/v2\/posts\/15483\/revisions"}],"predecessor-version":[{"id":15485,"href":"https:\/\/www.visionweb.com.ar\/index.php?rest_route=\/wp\/v2\/posts\/15483\/revisions\/15485"}],"wp:featuredmedia":[{"embeddable":true,"href":"https:\/\/www.visionweb.com.ar\/index.php?rest_route=\/wp\/v2\/media\/15484"}],"wp:attachment":[{"href":"https:\/\/www.visionweb.com.ar\/index.php?rest_route=%2Fwp%2Fv2%2Fmedia&parent=15483"}],"wp:term":[{"taxonomy":"category","embeddable":true,"href":"https:\/\/www.visionweb.com.ar\/index.php?rest_route=%2Fwp%2Fv2%2Fcategories&post=15483"},{"taxonomy":"post_tag","embeddable":true,"href":"https:\/\/www.visionweb.com.ar\/index.php?rest_route=%2Fwp%2Fv2%2Ftags&post=15483"}],"curies":[{"name":"wp","href":"https:\/\/api.w.org\/{rel}","templated":true}]}}