{"id":15478,"date":"2024-08-15T09:33:56","date_gmt":"2024-08-15T12:33:56","guid":{"rendered":"https:\/\/www.visionweb.com.ar\/?p=15478"},"modified":"2024-08-15T09:34:26","modified_gmt":"2024-08-15T12:34:26","slug":"la-provincia-recibe-a-los-gremios-estatales-este-jueves","status":"publish","type":"post","link":"https:\/\/www.visionweb.com.ar\/?p=15478","title":{"rendered":"La Provincia recibe a los gremios estatales este jueves"},"content":{"rendered":"<p><strong><em>La convocatoria es para estatales, docentes y judiciales. Se retoman las negociaciones. Los encuentros se realizar\u00e1n entre la ma\u00f1ana y la tarde.<\/em><\/strong><!--more--><\/p>\n<p><img loading=\"lazy\" decoding=\"async\" class=\"size-medium wp-image-7706 alignright\" src=\"https:\/\/www.visionweb.com.ar\/wp-content\/uploads\/2022\/10\/Docentes-y-estatales-reciben-aumento-de-8-puntos-300x174.jpg\" alt=\"\" width=\"300\" height=\"174\" srcset=\"https:\/\/www.visionweb.com.ar\/wp-content\/uploads\/2022\/10\/Docentes-y-estatales-reciben-aumento-de-8-puntos-300x174.jpg 300w, https:\/\/www.visionweb.com.ar\/wp-content\/uploads\/2022\/10\/Docentes-y-estatales-reciben-aumento-de-8-puntos.jpg 640w\" sizes=\"auto, (max-width: 300px) 100vw, 300px\" \/>El Gobierno bonaerense recibir\u00e1 este jueves a los gremios de estatales, docentes y judiciales, para continuar negociando en paritarias y buscar un acuerdo de incremento por el mes de agosto.<\/p>\n<p>El Ejecutivo recibi\u00f3 a los docentes a las 9 de la ma\u00f1ana, mientras que a las 10.30 ser\u00e1 el turno de los estatales de la ley 10.430 y a las 13 el de los judiciales.<\/p>\n<p>La convocatoria por parte de la gesti\u00f3n del gobierno bonaerense surgi\u00f3 luego de conocerse en la v\u00edspera\u00a0 la inflaci\u00f3n de julio que alcanz\u00f3 a\u00a0 4%, seg\u00fan el \u00cdndice de Precios al Consumidor (IPC) del Instituto Nacional de Estad\u00edstica y Censos (Indec).<\/p>\n<p>La Provincia hab\u00eda recibido a los gremios de estatales y docentes la semana pasada en el marco de dos reuniones donde confirm\u00f3 que habr\u00eda aumentos, pero no plante\u00f3 ofertas de incremento.<\/p>\n<p>En tanto, seg\u00fan pudo saber esta agencia, las partes ven\u00edan manteniendo conversaciones informales en la previa a la convocatoria de ma\u00f1ana. En esa l\u00ednea, es probable que hayan acercado posiciones <strong>(VW)<\/strong><\/p>\n","protected":false},"excerpt":{"rendered":"<p>La convocatoria es para estatales, docentes y judiciales. Se retoman las negociaciones. Los encuentros se realizar\u00e1n entre la ma\u00f1ana y la tarde.<\/p>\n","protected":false},"author":3,"featured_media":7706,"comment_status":"closed","ping_status":"closed","sticky":false,"template":"","format":"standard","meta":{"_monsterinsights_skip_tracking":false,"_monsterinsights_sitenote_active":false,"_monsterinsights_sitenote_note":"","_monsterinsights_sitenote_category":0,"footnotes":""},"categories":[7,8],"tags":[410,1907,649,167],"class_list":["post-15478","post","type-post","status-publish","format-standard","has-post-thumbnail","hentry","category-educacion-y-cultura","category-interes-general","tag-docentes","tag-estatales","tag-judiciales","tag-kicillof"],"_links":{"self":[{"href":"https:\/\/www.visionweb.com.ar\/index.php?rest_route=\/wp\/v2\/posts\/15478","targetHints":{"allow":["GET"]}}],"collection":[{"href":"https:\/\/www.visionweb.com.ar\/index.php?rest_route=\/wp\/v2\/posts"}],"about":[{"href":"https:\/\/www.visionweb.com.ar\/index.php?rest_route=\/wp\/v2\/types\/post"}],"author":[{"embeddable":true,"href":"https:\/\/www.visionweb.com.ar\/index.php?rest_route=\/wp\/v2\/users\/3"}],"replies":[{"embeddable":true,"href":"https:\/\/www.visionweb.com.ar\/index.php?rest_route=%2Fwp%2Fv2%2Fcomments&post=15478"}],"version-history":[{"count":2,"href":"https:\/\/www.visionweb.com.ar\/index.php?rest_route=\/wp\/v2\/posts\/15478\/revisions"}],"predecessor-version":[{"id":15480,"href":"https:\/\/www.visionweb.com.ar\/index.php?rest_route=\/wp\/v2\/posts\/15478\/revisions\/15480"}],"wp:featuredmedia":[{"embeddable":true,"href":"https:\/\/www.visionweb.com.ar\/index.php?rest_route=\/wp\/v2\/media\/7706"}],"wp:attachment":[{"href":"https:\/\/www.visionweb.com.ar\/index.php?rest_route=%2Fwp%2Fv2%2Fmedia&parent=15478"}],"wp:term":[{"taxonomy":"category","embeddable":true,"href":"https:\/\/www.visionweb.com.ar\/index.php?rest_route=%2Fwp%2Fv2%2Fcategories&post=15478"},{"taxonomy":"post_tag","embeddable":true,"href":"https:\/\/www.visionweb.com.ar\/index.php?rest_route=%2Fwp%2Fv2%2Ftags&post=15478"}],"curies":[{"name":"wp","href":"https:\/\/api.w.org\/{rel}","templated":true}]}}