{"id":15445,"date":"2024-08-12T14:10:07","date_gmt":"2024-08-12T17:10:07","guid":{"rendered":"https:\/\/www.visionweb.com.ar\/?p=15445"},"modified":"2024-08-12T14:10:07","modified_gmt":"2024-08-12T17:10:07","slug":"paro-en-las-universidades-publicas-en-reclamo-de-salarios","status":"publish","type":"post","link":"https:\/\/www.visionweb.com.ar\/?p=15445","title":{"rendered":"Paro en las universidades p\u00fablicas en reclamo de salarios"},"content":{"rendered":"<p><em><strong>Docentes y no docentes comienzan un paro universitario de 72 horas en busca de mejores salarios y m\u00e1s financiaci\u00f3n a las casas de estudio. La semana pr\u00f3xima habr\u00e1 m\u00e1s medidas de fuerza.<\/strong><\/em><!--more--><\/p>\n<div id=\"attachment_6878\" style=\"width: 490px\" class=\"wp-caption alignright\"><img loading=\"lazy\" decoding=\"async\" aria-describedby=\"caption-attachment-6878\" class=\"wp-image-6878 size-full\" src=\"https:\/\/www.visionweb.com.ar\/wp-content\/uploads\/2022\/08\/conadu-docentes-universitarios.bmp\" alt=\"\" width=\"480\" height=\"441\" \/><p id=\"caption-attachment-6878\" class=\"wp-caption-text\">Foto de archivo<\/p><\/div>\n<p><strong>\u00a0 \u00a0 \u00a0E<\/strong>ste lunes,\u00a0<strong>docentes<\/strong>\u00a0y\u00a0<strong>no docentes\u00a0<\/strong>de las distintas casas de altos estudios nacionales comenzaron <strong>un paro universitario<\/strong> que se extender\u00e1 por las pr\u00f3ximas 72 horas, cuyo objetivo es protestar por la falta de acuerdo salarial que tienen con el\u00a0<strong>Gobierno nacional\u00a0<\/strong>desde el inicio del primer cuatrimestre de este a\u00f1o.<\/p>\n<p>El paro fue convocado por el<strong> Frente Sindical de Universidades Nacionales<\/strong>, y habr\u00e1 m\u00e1s medidas de fuerza <strong>para el 20 y 21<\/strong>, martes y mi\u00e9rcoles de la semana pr\u00f3xima.<\/p>\n<p>Las medidas de fuerza se basan en la \u201ccr\u00edtica situaci\u00f3n\u201d de los sueldos de los docentes y no docentes.<\/p>\n<p>FEDUN remarc\u00f3 que las propuestas siguen siendo, tal como sucedi\u00f3 hasta hoy, por debajo de la inflaci\u00f3n. De hecho, mientras la inflaci\u00f3n de CABA fue del 5,1 por ciento en julio, la propuesta salarial es de apenas el 3 por ciento para agosto y del 2,5 para septiembre. El aumento de julio fue del 4.<\/p>\n<p>En ese sentido, el\u00a0<strong>Ministerio de Capital Humano<\/strong>, que se encarga de negociar con los gremios\u00a0<strong>universitarios<\/strong>, hab\u00eda ofrecido apenas un 5% de aumento salarial en dos cuotas, <strong>3% en agosto y 2% en septiembre<\/strong>, un incremento que apenas supera la inflaci\u00f3n de los \u00faltimos dos meses, que fue del 4,6% en junio, y se estima que ronde el 3,7% en julio.<\/p>\n<p>En tanto, desde la\u00a0<strong>Federaci\u00f3n Nacional de Docentes Universitarios<\/strong>\u00a0(<strong>CONADU<\/strong>), calificaron esta oferta como \u201cuna paritaria de hambre\u201d, y remarcaron que asistieron a \u201cuna nueva provocaci\u00f3n del\u00a0<strong>Gobierno<\/strong>\u00a0de\u00a0<strong>Javier Milei<\/strong>\u00a0que desvirt\u00faa el \u00e1mbito paritario con una decisi\u00f3n unilateral que consolida salarios de los\u00a0<strong>docentes\u00a0<\/strong>y\u00a0<strong>no docentes<\/strong>\u00a0por debajo de la l\u00ednea de pobreza\u201d. <strong>(VW)<\/strong><\/p>\n<p>&nbsp;<\/p>\n","protected":false},"excerpt":{"rendered":"<p>Docentes y no docentes comienzan un paro universitario de 72 horas en busca de mejores salarios y m\u00e1s financiaci\u00f3n a las casas de estudio. La semana pr\u00f3xima habr\u00e1 m\u00e1s medidas de fuerza.<\/p>\n","protected":false},"author":4,"featured_media":14259,"comment_status":"closed","ping_status":"closed","sticky":false,"template":"","format":"standard","meta":{"_monsterinsights_skip_tracking":false,"_monsterinsights_sitenote_active":false,"_monsterinsights_sitenote_note":"","_monsterinsights_sitenote_category":0,"footnotes":""},"categories":[6,4,5],"tags":[6529,6528],"class_list":["post-15445","post","type-post","status-publish","format-standard","has-post-thumbnail","hentry","category-economia","category-politica","category-sociedad","tag-fedun-conadu","tag-paro-universidades-publicas"],"_links":{"self":[{"href":"https:\/\/www.visionweb.com.ar\/index.php?rest_route=\/wp\/v2\/posts\/15445","targetHints":{"allow":["GET"]}}],"collection":[{"href":"https:\/\/www.visionweb.com.ar\/index.php?rest_route=\/wp\/v2\/posts"}],"about":[{"href":"https:\/\/www.visionweb.com.ar\/index.php?rest_route=\/wp\/v2\/types\/post"}],"author":[{"embeddable":true,"href":"https:\/\/www.visionweb.com.ar\/index.php?rest_route=\/wp\/v2\/users\/4"}],"replies":[{"embeddable":true,"href":"https:\/\/www.visionweb.com.ar\/index.php?rest_route=%2Fwp%2Fv2%2Fcomments&post=15445"}],"version-history":[{"count":1,"href":"https:\/\/www.visionweb.com.ar\/index.php?rest_route=\/wp\/v2\/posts\/15445\/revisions"}],"predecessor-version":[{"id":15446,"href":"https:\/\/www.visionweb.com.ar\/index.php?rest_route=\/wp\/v2\/posts\/15445\/revisions\/15446"}],"wp:featuredmedia":[{"embeddable":true,"href":"https:\/\/www.visionweb.com.ar\/index.php?rest_route=\/wp\/v2\/media\/14259"}],"wp:attachment":[{"href":"https:\/\/www.visionweb.com.ar\/index.php?rest_route=%2Fwp%2Fv2%2Fmedia&parent=15445"}],"wp:term":[{"taxonomy":"category","embeddable":true,"href":"https:\/\/www.visionweb.com.ar\/index.php?rest_route=%2Fwp%2Fv2%2Fcategories&post=15445"},{"taxonomy":"post_tag","embeddable":true,"href":"https:\/\/www.visionweb.com.ar\/index.php?rest_route=%2Fwp%2Fv2%2Ftags&post=15445"}],"curies":[{"name":"wp","href":"https:\/\/api.w.org\/{rel}","templated":true}]}}