{"id":15443,"date":"2024-08-12T12:25:16","date_gmt":"2024-08-12T15:25:16","guid":{"rendered":"https:\/\/www.visionweb.com.ar\/?p=15443"},"modified":"2024-08-12T12:25:16","modified_gmt":"2024-08-12T15:25:16","slug":"colectivos-desde-hoy-rigen-las-nuevas-tarifas","status":"publish","type":"post","link":"https:\/\/www.visionweb.com.ar\/?p=15443","title":{"rendered":"Colectivos: Desde hoy rigen las nuevas tarifas"},"content":{"rendered":"<p><em><strong>Los nuevos valores alcanzan a todas las l\u00edneas de colectivos que operan en la Ciudad de Buenos Aires y el Gran Buenos Aires. EL incremento es del 37%.<\/strong><\/em>\u00a0 <!--more--><\/p>\n<p><strong><img loading=\"lazy\" decoding=\"async\" class=\"size-medium wp-image-9791 alignright\" src=\"https:\/\/www.visionweb.com.ar\/wp-content\/uploads\/2023\/03\/colectivos-sube-300x274.jpg\" alt=\"\" width=\"300\" height=\"274\" srcset=\"https:\/\/www.visionweb.com.ar\/wp-content\/uploads\/2023\/03\/colectivos-sube-300x274.jpg 300w, https:\/\/www.visionweb.com.ar\/wp-content\/uploads\/2023\/03\/colectivos-sube.bmp 473w\" sizes=\"auto, (max-width: 300px) 100vw, 300px\" \/>El costo de viajar en colectivo en el \u00c1rea Metropolitana de Buenos Aires (AMBA) aument\u00f3 a partir de hoy.\u00a0<\/strong>El boleto m\u00ednimo pas\u00f3 de $270 pesos a $371,13\u00a0\u00a0para quienes utilicen la tarjeta SUBE\u00a0registrada.<\/p>\n<p>Este\u00a0<strong>aumento del 37%<\/strong>\u00a0refleja el impacto de la inflaci\u00f3n en el sector del transporte.<\/p>\n<p>La medida fue oficializada por la secretar\u00eda de Transporte de la Naci\u00f3n en el Bolet\u00edn Oficial, y responde al alza de precios registrada en los primeros dos meses del a\u00f1o.<\/p>\n<h2 class=\"wp-block-heading\"><strong>CON SUBE REGISTRADA<\/strong><\/h2>\n<ul>\n<li>Tramo 0-3 km: pasa de $270 a $370<\/li>\n<li>Tramo 3-6 km: pasa de $300,78 a $413,44<\/li>\n<li>Tramo 6-12 km: pasa de $323,95 a $ 445,29<\/li>\n<li>Tramo 12-27 km: pasa de $347,15 a $477,17<\/li>\n<li>M\u00e1s de 27 km: pasa de $370,18 a $506,83<\/li>\n<\/ul>\n<h2 class=\"wp-block-heading\"><strong>SIN SUBE REGISTRADA<\/strong><\/h2>\n<ul>\n<li>Tramo 0-3 km: pasa de $429,30 a $590,10<\/li>\n<li>Tramo 3-6 km: pasa de $478,24 a $657,37<\/li>\n<li>Tramo 6-12 km: pasa de $515,08 a $708,01<\/li>\n<li>Tramo 12-27 km: pasa de $551,97 a $758,70<\/li>\n<li>M\u00e1s de 27 km: pasa de $588,59 a $805,04<\/li>\n<\/ul>\n<p>Desde que asumi\u00f3 Javier Milei en diciembre de 2023, el costo del boleto m\u00ednimo se ha disparado de $52,96 a $371,13. Lo que implica un aumento acumulado del 600% en solo ocho meses de gesti\u00f3n.<\/p>\n<h2 class=\"wp-block-heading\">EL IMPACTO EN EL SALARIO<\/h2>\n<p><strong>Si una persona realiza 60 viajes con la tarifa m\u00ednima al mes (equivalente a dos viajes diarios durante 30 d\u00edas), gastar\u00eda aproximadamente $22.267 pesos.\u00a0<\/strong>Algo a considerar es este gasto en cuanto al Salario M\u00ednimo Vital y M\u00f3vil (SMVM) de agosto de 2024, que es de $262.432,93 <strong>(VW)<\/strong><\/p>\n","protected":false},"excerpt":{"rendered":"<p>Los nuevos valores alcanzan a todas las l\u00edneas de colectivos que operan en la Ciudad de Buenos Aires y el Gran Buenos Aires. EL incremento es del 37%.\u00a0<\/p>\n","protected":false},"author":3,"featured_media":5942,"comment_status":"closed","ping_status":"closed","sticky":false,"template":"","format":"standard","meta":{"_monsterinsights_skip_tracking":false,"_monsterinsights_sitenote_active":false,"_monsterinsights_sitenote_note":"","_monsterinsights_sitenote_category":0,"footnotes":""},"categories":[8],"tags":[141,705,6527],"class_list":["post-15443","post","type-post","status-publish","format-standard","has-post-thumbnail","hentry","category-interes-general","tag-aumentos","tag-colectivos","tag-tarifasm-sube"],"_links":{"self":[{"href":"https:\/\/www.visionweb.com.ar\/index.php?rest_route=\/wp\/v2\/posts\/15443","targetHints":{"allow":["GET"]}}],"collection":[{"href":"https:\/\/www.visionweb.com.ar\/index.php?rest_route=\/wp\/v2\/posts"}],"about":[{"href":"https:\/\/www.visionweb.com.ar\/index.php?rest_route=\/wp\/v2\/types\/post"}],"author":[{"embeddable":true,"href":"https:\/\/www.visionweb.com.ar\/index.php?rest_route=\/wp\/v2\/users\/3"}],"replies":[{"embeddable":true,"href":"https:\/\/www.visionweb.com.ar\/index.php?rest_route=%2Fwp%2Fv2%2Fcomments&post=15443"}],"version-history":[{"count":1,"href":"https:\/\/www.visionweb.com.ar\/index.php?rest_route=\/wp\/v2\/posts\/15443\/revisions"}],"predecessor-version":[{"id":15444,"href":"https:\/\/www.visionweb.com.ar\/index.php?rest_route=\/wp\/v2\/posts\/15443\/revisions\/15444"}],"wp:featuredmedia":[{"embeddable":true,"href":"https:\/\/www.visionweb.com.ar\/index.php?rest_route=\/wp\/v2\/media\/5942"}],"wp:attachment":[{"href":"https:\/\/www.visionweb.com.ar\/index.php?rest_route=%2Fwp%2Fv2%2Fmedia&parent=15443"}],"wp:term":[{"taxonomy":"category","embeddable":true,"href":"https:\/\/www.visionweb.com.ar\/index.php?rest_route=%2Fwp%2Fv2%2Fcategories&post=15443"},{"taxonomy":"post_tag","embeddable":true,"href":"https:\/\/www.visionweb.com.ar\/index.php?rest_route=%2Fwp%2Fv2%2Ftags&post=15443"}],"curies":[{"name":"wp","href":"https:\/\/api.w.org\/{rel}","templated":true}]}}