{"id":15425,"date":"2024-08-09T09:52:31","date_gmt":"2024-08-09T12:52:31","guid":{"rendered":"https:\/\/www.visionweb.com.ar\/?p=15425"},"modified":"2024-08-09T09:52:31","modified_gmt":"2024-08-09T12:52:31","slug":"el-senado-bonaerense-lleva-al-recinto-por-unanimidad-una-ley-para-regular-las-pantallas-en-las-aulas","status":"publish","type":"post","link":"https:\/\/www.visionweb.com.ar\/?p=15425","title":{"rendered":"El Senado bonaerense lleva al recinto por unanimidad, una ley para regular las pantallas en las aulas"},"content":{"rendered":"<p><em><strong>El oficialismo y la oposici\u00f3n del Senado bonaerense dieron dictamen favorable a un proyecto para regular el uso de pantallas en las escuelas primarias.<\/strong><\/em><!--more--><\/p>\n<p><strong> <img loading=\"lazy\" decoding=\"async\" class=\"size-medium wp-image-15426 alignright\" src=\"https:\/\/www.visionweb.com.ar\/wp-content\/uploads\/2024\/08\/pantallas-en-aulas-300x166.png\" alt=\"\" width=\"300\" height=\"166\" srcset=\"https:\/\/www.visionweb.com.ar\/wp-content\/uploads\/2024\/08\/pantallas-en-aulas-300x166.png 300w, https:\/\/www.visionweb.com.ar\/wp-content\/uploads\/2024\/08\/pantallas-en-aulas.png 536w\" sizes=\"auto, (max-width: 300px) 100vw, 300px\" \/>\u00a0\u00a0 L<\/strong>a comisi\u00f3n de\u00a0<strong>Legislaci\u00f3n<\/strong>\u00a0<strong>General<\/strong>\u00a0del\u00a0<strong>Senado<\/strong>\u00a0<strong>bonaerense<\/strong> despach\u00f3 de forma un\u00e1nime un proyecto unificado del legislador camporista,\u00a0<a href=\"https:\/\/www.senado-ba.gov.ar\/Senador.aspx?idP=2268\"><strong>Emmanuel<\/strong>\u00a0<strong>Gonz\u00e1lez<\/strong>\u00a0<strong>Santalla<\/strong><\/a>, y de la senadora del\u00a0<strong>GEN,<\/strong>\u00a0<a href=\"https:\/\/www.senado-ba.gov.ar\/Senador.aspx?idP=2344\"><strong>Lorena Mandagar\u00e1n<\/strong><\/a><strong>,<\/strong>\u00a0para promover el uso responsable de las\u00a0<strong>pantallas<\/strong>\u00a0<strong>en las escuelas primarias y en la primera ni\u00f1ez<\/strong>.<\/p>\n<p>En ese sentido, el oficialismo y la oposici\u00f3n que componen la comisi\u00f3n de\u00a0<strong>Legislaci\u00f3n<\/strong>\u00a0<strong>General<\/strong>, que preside el peronista\u00a0<strong>Gustavo<\/strong>\u00a0<strong>Soos<\/strong>, dejaron de lado sus diferencias y <strong>dieron el visto bueno al texto unificado para promover el uso responsable de los<\/strong>\u00a0<strong>celulares<\/strong>\u00a0durante la estad\u00eda de los alumnos en las escuelas primarias, y para concientizar acerca de los riesgos que tiene la exposici\u00f3n de las\u00a0<strong>pantallas<\/strong>\u00a0en los ni\u00f1os de hasta 12 a\u00f1os.<\/p>\n<p>De esta manera, se espera que el texto de\u00a0<strong>Santalla<\/strong>\u00a0y\u00a0<strong>Mandagar\u00e1n<\/strong>\u00a0sea ingresado en el orden del d\u00eda de la pr\u00f3xima sesi\u00f3n del\u00a0<strong>Senado<\/strong>\u00a0<strong>bonaerense<\/strong>, debido a que cuenta con una moci\u00f3n de preferencia.<\/p>\n<p>La normativa podr\u00eda llegar a recibir\u00a0<strong>media sanci\u00f3n<\/strong>\u00a0debido a que todos los sectores que componen la comisi\u00f3n de\u00a0<strong>Legislaci\u00f3n<\/strong>\u00a0<strong>General<\/strong>\u00a0la aprobaron.<\/p>\n<p>\u201cLos asesores pusieron lo mejor para llegar al mejor proyecto unificado, todos resignaron algo en pos de que salga una iniciativa conjunta. Quiero agradecer al senador\u00a0<strong>Carlos<\/strong>\u00a0<strong>Kikuchi<\/strong>\u00a0que ten\u00eda algunas observaciones y no se pudieron incorporar porque no daban los tiempos,\u00a0<strong>me tom\u00e9 el atrevimiento de proponerle que presente un proyecto en ese sentido y que pida el giro a esta comisi\u00f3n<\/strong>. Toda iniciativa es perfectible pero estamos sacando un despacho de excelencia, todos est\u00e1n invitados a presentar sus normativas y tratarlas como este texto\u201d, valor\u00f3 el senador\u00a0<strong>Soos<\/strong>\u00a0en di\u00e1logo con\u00a0Diputados bonaerenses.<\/p>\n<p>El senador libertario dialoguista,\u00a0<strong>Carlos<\/strong>\u00a0<strong>Kikuchi<\/strong>, que aval\u00f3 el proyecto de\u00a0<strong>Santalla<\/strong>\u00a0y\u00a0<strong>Mandagar\u00e1n<\/strong>, mencion\u00f3 que se pudo haber agregado un articulado para incorporar la regulaci\u00f3n del\u00a0<strong>uso de las<\/strong>\u00a0<strong>pantallas<\/strong>\u00a0no solo en las escuelas primarias,<strong>\u00a0sino tambi\u00e9n en las secundarias<\/strong>.<\/p>\n<p><strong>En Caba:<\/strong><\/p>\n<p>Cabe mencionar que, ayer jueves el jefe de Gobierno porte\u00f1o,\u00a0<strong>Jorge<\/strong>\u00a0<strong>Macri<\/strong>, anunci\u00f3 que los estudiantes secundarios\u00a0<strong>no podr\u00e1n usar el celular durante las clases ni en los recreos<\/strong>, ya que estar\u00e1n guardados bajo el control del docente a cargo. No obstante, esta medida fue realizada por medio de una resoluci\u00f3n del Ministerio de Educaci\u00f3n, a diferencia de lo que sucede en la\u00a0<strong>Legislatura<\/strong>\u00a0<strong>bonaerense<\/strong>\u00a0en donde\u00a0<strong>todos los sectores<\/strong>\u00a0est\u00e1n siendo parte del debate para regular las\u00a0<strong>pantallas<\/strong>\u00a0en el \u00e1mbito educativo.<\/p>\n<p>Por su parte, la representaci\u00f3n del\u00a0<strong>PRO<\/strong>\u00a0en la comisi\u00f3n de\u00a0<strong>Legislaci\u00f3n<\/strong>\u00a0<strong>General<\/strong>\u00a0del\u00a0<strong>Senado<\/strong>\u00a0<strong>bonaerense<\/strong>,\u00a0<strong>Christian<\/strong>\u00a0<strong>Gribaudo<\/strong>, tambi\u00e9n puso la firma en el dictamen unificado sobre el proyecto para promover el uso responsable de las\u00a0<strong>pantallas<\/strong>\u00a0en las escuelas primarias, y subray\u00f3 que el mismo va en l\u00ednea con la pol\u00edtica anunciada esta ma\u00f1ana por\u00a0<strong>Jorge<\/strong>\u00a0<strong>Macri<\/strong>.<\/p>\n<p><strong>El proyecto del Senado bonaerense: <\/strong><\/p>\n<p>En rigor, el proyecto que recibi\u00f3 luz verde de la comisi\u00f3n de\u00a0<strong>Legislaci\u00f3n General<\/strong>\u00a0del\u00a0<strong>Senado<\/strong>\u00a0<strong>bonaerense<\/strong>\u00a0tiene por objeto o promover el uso seguro y responsable de\u00a0<strong>pantallas<\/strong>, informar y concientizar a la poblaci\u00f3n sobre los riesgos y efectos nocivos de la exposici\u00f3n en las infancias, y regular la utilizaci\u00f3n de los celulares por parte de los alumnos del nivel primario durante su permanencia en los establecimientos educativos de gesti\u00f3n p\u00fablica y privada de la provincia de Buenos Aires<\/p>\n<p>En ese sentido, los chicos y chicas que cursen su educaci\u00f3n primaria no podr\u00e1n utilizar sus\u00a0<strong>celulares<\/strong>\u00a0durante la jornada educativa, salvo que lo requiera y\/o autorice el docente a cargo para dar cumplimiento a los objetivos pedag\u00f3gicos propuestos en el plan de estudio correspondiente.<\/p>\n<p>Asimismo, la iniciativa tambi\u00e9n propone la realizaci\u00f3n de campa\u00f1as de difusi\u00f3n y concientizaci\u00f3n sobre el uso responsable de los\u00a0<strong>celulares<\/strong>\u00a0en las escuelas en las p\u00e1ginas y plataformas digitales del Gobierno bonaerense, y la colocaci\u00f3n de carteler\u00eda en centros de salud, instituciones educativas y dem\u00e1s locaciones con el fin de informar acerca de los riesgos de la exposici\u00f3n a\u00a0<strong>pantallas<\/strong>\u00a0en ni\u00f1os de hasta 12 a\u00f1os de edad.<\/p>\n<p>Previo a su unificaci\u00f3n, las iniciativas de los legisladores ten\u00edan algunas diferencias. El de\u00a0<strong>Mandagar\u00e1n<\/strong>\u00a0plantea en rasgos generales la obligatoriedad de que los establecimientos del sector p\u00fablico y privado de la provincia de Buenos Aires exhiban carteler\u00eda y\/o folleter\u00eda acerca de los riesgos y efectos nocivos que ocasiona la exposici\u00f3n a\u00a0<strong>pantallas<\/strong>\u00a0en los ni\u00f1os de hasta 12 a\u00f1os, con recomendaciones sobre el uso saludable de la tecnolog\u00eda.<\/p>\n<p>En el caso de la propuesta de\u00a0<strong>Santalla<\/strong>, directamente busca prohibir \u201cen todo el territorio de la provincia de Buenos Aires el uso de dispositivos digitales por parte de alumnos y alumnas de nivel primario, durante su permanencia en los establecimientos de educaci\u00f3n p\u00fablica o privada, y cuando su utilizaci\u00f3n no fuera requerida por personal docente\u201d. <strong>(VW)<\/strong><\/p>\n<p>&nbsp;<\/p>\n","protected":false},"excerpt":{"rendered":"<p>El oficialismo y la oposici\u00f3n del Senado bonaerense dieron dictamen favorable a un proyecto para regular el uso de pantallas en las escuelas primarias.<\/p>\n","protected":false},"author":4,"featured_media":15426,"comment_status":"closed","ping_status":"closed","sticky":false,"template":"","format":"standard","meta":{"_monsterinsights_skip_tracking":false,"_monsterinsights_sitenote_active":false,"_monsterinsights_sitenote_note":"","_monsterinsights_sitenote_category":0,"footnotes":""},"categories":[7,4],"tags":[1953,6520,3309],"class_list":["post-15425","post","type-post","status-publish","format-standard","has-post-thumbnail","hentry","category-educacion-y-cultura","category-politica","tag-proyecto","tag-regular-pantallas-en-escuelas","tag-senado-bonaerense"],"_links":{"self":[{"href":"https:\/\/www.visionweb.com.ar\/index.php?rest_route=\/wp\/v2\/posts\/15425","targetHints":{"allow":["GET"]}}],"collection":[{"href":"https:\/\/www.visionweb.com.ar\/index.php?rest_route=\/wp\/v2\/posts"}],"about":[{"href":"https:\/\/www.visionweb.com.ar\/index.php?rest_route=\/wp\/v2\/types\/post"}],"author":[{"embeddable":true,"href":"https:\/\/www.visionweb.com.ar\/index.php?rest_route=\/wp\/v2\/users\/4"}],"replies":[{"embeddable":true,"href":"https:\/\/www.visionweb.com.ar\/index.php?rest_route=%2Fwp%2Fv2%2Fcomments&post=15425"}],"version-history":[{"count":1,"href":"https:\/\/www.visionweb.com.ar\/index.php?rest_route=\/wp\/v2\/posts\/15425\/revisions"}],"predecessor-version":[{"id":15427,"href":"https:\/\/www.visionweb.com.ar\/index.php?rest_route=\/wp\/v2\/posts\/15425\/revisions\/15427"}],"wp:featuredmedia":[{"embeddable":true,"href":"https:\/\/www.visionweb.com.ar\/index.php?rest_route=\/wp\/v2\/media\/15426"}],"wp:attachment":[{"href":"https:\/\/www.visionweb.com.ar\/index.php?rest_route=%2Fwp%2Fv2%2Fmedia&parent=15425"}],"wp:term":[{"taxonomy":"category","embeddable":true,"href":"https:\/\/www.visionweb.com.ar\/index.php?rest_route=%2Fwp%2Fv2%2Fcategories&post=15425"},{"taxonomy":"post_tag","embeddable":true,"href":"https:\/\/www.visionweb.com.ar\/index.php?rest_route=%2Fwp%2Fv2%2Ftags&post=15425"}],"curies":[{"name":"wp","href":"https:\/\/api.w.org\/{rel}","templated":true}]}}