{"id":15422,"date":"2024-08-09T09:33:50","date_gmt":"2024-08-09T12:33:50","guid":{"rendered":"https:\/\/www.visionweb.com.ar\/?p=15422"},"modified":"2024-08-09T09:33:50","modified_gmt":"2024-08-09T12:33:50","slug":"capacitacion-jornadas-de-tecnicas-de-autocuidado-en-remedios-de-escalada","status":"publish","type":"post","link":"https:\/\/www.visionweb.com.ar\/?p=15422","title":{"rendered":"Capacitaci\u00f3n: Jornadas de t\u00e9cnicas de autocuidado en Remedios de Escalada"},"content":{"rendered":"<p><em><strong>Ser\u00e1n este viernes a las 18 horas. Entre los contenidos se ofrecer\u00e1 capacitaci\u00f3n en RCP. Es gratuito y no se requiere inscripci\u00f3n previa.<\/strong><\/em><!--more--><\/p>\n<p><strong> <img loading=\"lazy\" decoding=\"async\" class=\"size-medium wp-image-15423 alignright\" src=\"https:\/\/www.visionweb.com.ar\/wp-content\/uploads\/2024\/08\/Curso-reanimac-lanus-300x300.jpg\" alt=\"\" width=\"300\" height=\"300\" srcset=\"https:\/\/www.visionweb.com.ar\/wp-content\/uploads\/2024\/08\/Curso-reanimac-lanus-300x300.jpg 300w, https:\/\/www.visionweb.com.ar\/wp-content\/uploads\/2024\/08\/Curso-reanimac-lanus-150x150.jpg 150w, https:\/\/www.visionweb.com.ar\/wp-content\/uploads\/2024\/08\/Curso-reanimac-lanus-80x80.jpg 80w, https:\/\/www.visionweb.com.ar\/wp-content\/uploads\/2024\/08\/Curso-reanimac-lanus-320x320.jpg 320w, https:\/\/www.visionweb.com.ar\/wp-content\/uploads\/2024\/08\/Curso-reanimac-lanus-65x65.jpg 65w, https:\/\/www.visionweb.com.ar\/wp-content\/uploads\/2024\/08\/Curso-reanimac-lanus.jpg 364w\" sizes=\"auto, (max-width: 300px) 100vw, 300px\" \/>\u00a0\u00a0 Lan\u00fas Gobierno<\/strong> invita a participar de las <strong>jornadas de autocuidado<\/strong> que se desarrollar\u00e1n este <strong>viernes 9 de agosto a las 18.00 horas<\/strong>, en el Club 1\u00b0 de Mayo, ubicado en Coronel Albari\u00f1os 2002, Remedios de Escalada.<\/p>\n<p>Con la capacitaci\u00f3n de profesionales a cargo, quienes en todo momento estar\u00e1n presentes para desarrollar esta<strong> t\u00e9cnica fundamental para salvar vidas y evitar muertes en casos de emergencias, <\/strong>vecinos y vecinas podr\u00e1n acercarse<strong> sin inscripci\u00f3n previa. <\/strong>La iniciativa es totalmente gratuita, inform\u00f3 la Subsecretar\u00eda de Prensa de la Comuna.<\/p>\n<p><strong>Contenidos:<\/strong><\/p>\n<ul>\n<li>Reanimaci\u00f3n cardiopulmonar<\/li>\n<li>Maniobra de Heimlich<\/li>\n<li>Uso del desfibrilador externo autom\u00e1tico (DEA)<\/li>\n<\/ul>\n<p>Todas y todos aquellos que participen de esta jornada recibir\u00e1n su correspondiente certificado. No se requiere inscripci\u00f3n previa, ni tampoco se suspende por lluvia.<\/p>\n<p>Las jornadas de autocuidado comenzaron a partir de mayo, organizadas por Defensa Civil, y desde julio se realizan en equipo junto a la Secretar\u00eda de Salud.<\/p>\n<p>Hasta el momento se llevaron a cabo 52 encuentros, distribuidos entre clubes, colegios p\u00fablicos y privados, con un resultado parcial de 2.355 vecinas y vecinos\u00a0capacitados. <strong>(VW)<\/strong><\/p>\n<p>&nbsp;<\/p>\n","protected":false},"excerpt":{"rendered":"<p>Ser\u00e1n este viernes a las 18 horas. Entre los contenidos se ofrecer\u00e1 capacitaci\u00f3n en RCP. Es gratuito y no se requiere inscripci\u00f3n previa.<\/p>\n","protected":false},"author":4,"featured_media":15423,"comment_status":"closed","ping_status":"closed","sticky":false,"template":"","format":"standard","meta":{"_monsterinsights_skip_tracking":false,"_monsterinsights_sitenote_active":false,"_monsterinsights_sitenote_note":"","_monsterinsights_sitenote_category":0,"footnotes":""},"categories":[8],"tags":[6519,6109,1775,864],"class_list":["post-15422","post","type-post","status-publish","format-standard","has-post-thumbnail","hentry","category-interes-general","tag-jornadas-de-capacitacion","tag-lanus-gobierno","tag-rcp","tag-remedios-de-escalada"],"_links":{"self":[{"href":"https:\/\/www.visionweb.com.ar\/index.php?rest_route=\/wp\/v2\/posts\/15422","targetHints":{"allow":["GET"]}}],"collection":[{"href":"https:\/\/www.visionweb.com.ar\/index.php?rest_route=\/wp\/v2\/posts"}],"about":[{"href":"https:\/\/www.visionweb.com.ar\/index.php?rest_route=\/wp\/v2\/types\/post"}],"author":[{"embeddable":true,"href":"https:\/\/www.visionweb.com.ar\/index.php?rest_route=\/wp\/v2\/users\/4"}],"replies":[{"embeddable":true,"href":"https:\/\/www.visionweb.com.ar\/index.php?rest_route=%2Fwp%2Fv2%2Fcomments&post=15422"}],"version-history":[{"count":1,"href":"https:\/\/www.visionweb.com.ar\/index.php?rest_route=\/wp\/v2\/posts\/15422\/revisions"}],"predecessor-version":[{"id":15424,"href":"https:\/\/www.visionweb.com.ar\/index.php?rest_route=\/wp\/v2\/posts\/15422\/revisions\/15424"}],"wp:featuredmedia":[{"embeddable":true,"href":"https:\/\/www.visionweb.com.ar\/index.php?rest_route=\/wp\/v2\/media\/15423"}],"wp:attachment":[{"href":"https:\/\/www.visionweb.com.ar\/index.php?rest_route=%2Fwp%2Fv2%2Fmedia&parent=15422"}],"wp:term":[{"taxonomy":"category","embeddable":true,"href":"https:\/\/www.visionweb.com.ar\/index.php?rest_route=%2Fwp%2Fv2%2Fcategories&post=15422"},{"taxonomy":"post_tag","embeddable":true,"href":"https:\/\/www.visionweb.com.ar\/index.php?rest_route=%2Fwp%2Fv2%2Ftags&post=15422"}],"curies":[{"name":"wp","href":"https:\/\/api.w.org\/{rel}","templated":true}]}}