{"id":15401,"date":"2024-08-07T16:28:38","date_gmt":"2024-08-07T19:28:38","guid":{"rendered":"https:\/\/www.visionweb.com.ar\/?p=15401"},"modified":"2024-08-07T16:28:38","modified_gmt":"2024-08-07T19:28:38","slug":"nacion-retira-los-subsidios-al-transporte-controversias-desde-provincia-y-caba-luego-del-anuncio","status":"publish","type":"post","link":"https:\/\/www.visionweb.com.ar\/?p=15401","title":{"rendered":"Naci\u00f3n retira los subsidios al transporte: Controversias desde Provincia y Caba, luego del anuncio"},"content":{"rendered":"<p><em><strong>El ministro bonaerense Jorge D\u00b4Onofrio y el Gobierno de Jorge Macri respondieron al secretario de Transporte de la Naci\u00f3n Franco Mogetta, luego de conocerse que ya no habr\u00e1 m\u00e1s subsidios para el sector. <\/strong><\/em><!--more--><\/p>\n<p><strong>\u00a0\u00a0\u00a0 <img loading=\"lazy\" decoding=\"async\" class=\"size-medium wp-image-10020 alignright\" src=\"https:\/\/www.visionweb.com.ar\/wp-content\/uploads\/2023\/03\/colectivo-10-255x300.jpg\" alt=\"\" width=\"255\" height=\"300\" srcset=\"https:\/\/www.visionweb.com.ar\/wp-content\/uploads\/2023\/03\/colectivo-10-255x300.jpg 255w, https:\/\/www.visionweb.com.ar\/wp-content\/uploads\/2023\/03\/colectivo-10.bmp 283w\" sizes=\"auto, (max-width: 255px) 100vw, 255px\" \/>\u00a0\u00a0 L<\/strong>uego del anuncio de ayer del Gobierno de Javier Milei, que contempla que a partir de septiembre, tanto la Provincia como la Ciudad de Buenos Aires, deber\u00e1n hacerse cargo de los subsidios a los colectivos, el ministro de Transporte bonaerense Jorge D`Onofrio, asegur\u00f3 que <strong>\u201cA la Provincia no le dan nada, nosotros pagamos la totalidad de los subsidios\u201d<\/strong>.<\/p>\n<p>A la vez, consider\u00f3 que la medida que dio a conocer Franco Mogetta es \u201cun intento m\u00e1s de apretar a la Provincia de Buenos Aires, pero Milei en su idea de atacar al gobernador Axel Kicillof est\u00e1 da\u00f1ando a todos los bonaerenses\u201d.<\/p>\n<p><strong>\u201cVan a eliminar el Boleto Integrado que ayuda a la gente que se toma m\u00e1s de un transporte en un lapso de dos horas. <\/strong>Si este nuevo abandono del Gobierno nacional se lleva a cabo, la gente va a pagar m\u00e1s para ir a trabajar\u201d, asegur\u00f3 en declaraciones radiales.<\/p>\n<p>En ese contexto refut\u00f3 con la nueva disposici\u00f3n provincial de la ampliaci\u00f3n para adultos del Boleto Estudiantil: \u201cNosotros ampliamos el Boleto Educativo a j\u00f3venes, adultos y adultos mayores que est\u00e1n terminando la escuela primaria y secundaria. Hacen un gran esfuerzo para completar su educaci\u00f3n, nosotros los ayudaremos a llegar a las aulas\u201d, se\u00f1al\u00f3.<\/p>\n<p><strong>La Ciudad de Buenos Aires tambi\u00e9n respondi\u00f3:<\/strong><\/p>\n<p>El gobierno de\u00a0Jorge Macri le respondi\u00f3 a la Casa Rosada\u00a0por su decisi\u00f3n de quitar subsidios al transporte de colectivos\u00a0en la Ciudad y asegur\u00f3 que las l\u00edneas que circulan en el distrito\u00a0\u201cson el Gobierno Nacional\u201d.<\/p>\n<p><strong>\u201cLas l\u00edneas de colectivos que circulan por la Ciudad de Buenos Aires son del Gobierno Nacional\u201d,<\/strong>\u00a0expres\u00f3 la administraci\u00f3n porte\u00f1a.<\/p>\n<p>Adem\u00e1s, record\u00f3 que \u201cla Ciudad ha venido subsidiando al Gobierno Nacional y a sus l\u00edneas de transporte p\u00fablico de colectivos\u201d.\u00a0<strong>\u201cLa Ciudad no recibe subsidios por parte de la Naci\u00f3n.\u00a0Lo reciben directamente las l\u00edneas de colectivos a trav\u00e9s de la Secretar\u00eda de Transporte de la Naci\u00f3n\u201d<\/strong>, aclar\u00f3 la administraci\u00f3n\u00a0porte\u00f1a.<\/p>\n<p>El anuncio del secretario de Transporte de la Naci\u00f3n:<\/p>\n<p>Cabe recordar, que <strong>Franco Mogetta<\/strong> <strong>anunci\u00f3 ayer la quita de subsidios total a las empresas de la Ciudad y la Provincia de Buenos Aires,<\/strong> al exponer en la Comisi\u00f3n de Transporte de la C\u00e1mara de Diputados<strong>.<\/strong><\/p>\n<p>\u201cNos han dejado una bomba de tiempo, la cual hemos tenido que desactivar r\u00e1pidamente\u201d, asegur\u00f3, y remarc\u00f3 que habr\u00e1 \u201csinceramiento de tarifas\u201d a partir de este a\u00f1o.<\/p>\n<p>Mencion\u00f3 que el Estado Nacional \u201csubsidiaba el 92 por ciento del costo que necesitaban las empresas para funcionar\u201d, y ahora llega al \u201c67% de cobertura de esos costos\u201d.<\/p>\n<p>Tambi\u00e9n precis\u00f3, que a partir de septiembre,\u00a0<strong>la Ciudad Aut\u00f3noma de Buenos Aires va a solventar el 100 por ciento, lo mismo que suceder\u00e1 en territorio bonaerense<\/strong>. Todo para las l\u00edneas que \u201cinician y finalizan el recorrido dentro de su territorio\u201d.<\/p>\n<p>Esto se hace en pos de \u201cordenar las responsabilidades en materia de transporte e igualdad redistribuci\u00f3n de recursos en todo el pa\u00eds\u201d.<\/p>\n<p>El boleto integrado tambi\u00e9n queda supeditado a los gobiernos porte\u00f1o y bonaerense.\u00a0<strong>\u201cSe van a tener que hacer cargo del boleto integrado.<\/strong> El Estado Nacional no lo va a cubrir m\u00e1s\u201d, advirti\u00f3. <strong>(VW)<\/strong><\/p>\n<p>&nbsp;<\/p>\n","protected":false},"excerpt":{"rendered":"<p>El ministro bonaerense Jorge D\u00b4Onofrio y el Gobierno de Jorge Macri respondieron al secretario de Transporte de la Naci\u00f3n Franco Mogetta, luego de conocerse que ya no habr\u00e1 m\u00e1s subsidios para el sector.<\/p>\n","protected":false},"author":4,"featured_media":10020,"comment_status":"closed","ping_status":"closed","sticky":false,"template":"","format":"standard","meta":{"_monsterinsights_skip_tracking":false,"_monsterinsights_sitenote_active":false,"_monsterinsights_sitenote_note":"","_monsterinsights_sitenote_category":0,"footnotes":""},"categories":[6,4],"tags":[6512,6511],"class_list":["post-15401","post","type-post","status-publish","format-standard","has-post-thumbnail","hentry","category-economia","category-politica","tag-caba-y-provincia","tag-subsidios-al-transporte-publico"],"_links":{"self":[{"href":"https:\/\/www.visionweb.com.ar\/index.php?rest_route=\/wp\/v2\/posts\/15401","targetHints":{"allow":["GET"]}}],"collection":[{"href":"https:\/\/www.visionweb.com.ar\/index.php?rest_route=\/wp\/v2\/posts"}],"about":[{"href":"https:\/\/www.visionweb.com.ar\/index.php?rest_route=\/wp\/v2\/types\/post"}],"author":[{"embeddable":true,"href":"https:\/\/www.visionweb.com.ar\/index.php?rest_route=\/wp\/v2\/users\/4"}],"replies":[{"embeddable":true,"href":"https:\/\/www.visionweb.com.ar\/index.php?rest_route=%2Fwp%2Fv2%2Fcomments&post=15401"}],"version-history":[{"count":1,"href":"https:\/\/www.visionweb.com.ar\/index.php?rest_route=\/wp\/v2\/posts\/15401\/revisions"}],"predecessor-version":[{"id":15402,"href":"https:\/\/www.visionweb.com.ar\/index.php?rest_route=\/wp\/v2\/posts\/15401\/revisions\/15402"}],"wp:featuredmedia":[{"embeddable":true,"href":"https:\/\/www.visionweb.com.ar\/index.php?rest_route=\/wp\/v2\/media\/10020"}],"wp:attachment":[{"href":"https:\/\/www.visionweb.com.ar\/index.php?rest_route=%2Fwp%2Fv2%2Fmedia&parent=15401"}],"wp:term":[{"taxonomy":"category","embeddable":true,"href":"https:\/\/www.visionweb.com.ar\/index.php?rest_route=%2Fwp%2Fv2%2Fcategories&post=15401"},{"taxonomy":"post_tag","embeddable":true,"href":"https:\/\/www.visionweb.com.ar\/index.php?rest_route=%2Fwp%2Fv2%2Ftags&post=15401"}],"curies":[{"name":"wp","href":"https:\/\/api.w.org\/{rel}","templated":true}]}}