{"id":15390,"date":"2024-08-07T08:23:24","date_gmt":"2024-08-07T11:23:24","guid":{"rendered":"https:\/\/www.visionweb.com.ar\/?p=15390"},"modified":"2024-08-07T08:23:24","modified_gmt":"2024-08-07T11:23:24","slug":"llega-el-festival-bonaerense-de-humor","status":"publish","type":"post","link":"https:\/\/www.visionweb.com.ar\/?p=15390","title":{"rendered":"Llega el Festival Bonaerense de Humor"},"content":{"rendered":"<p><em><strong>Jornada prevista para el s\u00e1bado 10 de agosto a las 18:00 en el Galp\u00f3n de las Artes de San Vicente. Se presentar\u00e1 el humor desde lo te\u00f3rico, lo period\u00edstico, y lo pr\u00e1ctico. Evento libre y gratuito.<\/strong><\/em><!--more--><\/p>\n<p><img loading=\"lazy\" decoding=\"async\" class=\"size-medium wp-image-15391 alignleft\" src=\"https:\/\/www.visionweb.com.ar\/wp-content\/uploads\/2024\/08\/HUMOR-300x167.png\" alt=\"\" width=\"300\" height=\"167\" srcset=\"https:\/\/www.visionweb.com.ar\/wp-content\/uploads\/2024\/08\/HUMOR-300x167.png 300w, https:\/\/www.visionweb.com.ar\/wp-content\/uploads\/2024\/08\/HUMOR.png 700w\" sizes=\"auto, (max-width: 300px) 100vw, 300px\" \/>El Instituto Cultural de la Provincia de Buenos Aires realizar\u00e1 la segunda edici\u00f3n del Festival Bonaerense de Humor en la localidad de San Vicente. La presentaci\u00f3n ser\u00e1 el s\u00e1bado 10 de agosto desde las 18:00 en el Galp\u00f3n de las Artes \u201cA\u00edda y Jorge Luz\u201d (Sarmiento 1000) e incluir\u00e1 talleres, entrevistas, y variet\u00e9<\/p>\n<p>Despu\u00e9s de haber realizado durante dos a\u00f1os la \u201cGira Bonaerense de Humor\u201d, se present\u00f3 el \u201cFestival Bonaerense de Humor\u201d el 12 de abril en la capital de la Provincia de Buenos Aires, La Plata, y ahora sale a recorrer la Provincia.<\/p>\n<p>En esta nueva edici\u00f3n, se tratar\u00e1 al humor a trav\u00e9s de diferentes visiones, se lo analizar\u00e1 desde lo te\u00f3rico, lo period\u00edstico, y lo pr\u00e1ctico. Desde la teor\u00eda se har\u00e1 cargo Guillermo Selci con una Master Class de Stand Up. Durante la charla se hablar\u00e1 sobre el armado de mon\u00f3logos, c\u00f3mo encarar una hoja en blanco, las actitudes, la estructura de material, el armado de chistes, la improvisaci\u00f3n y la conexi\u00f3n con el p\u00fablico, entre otros temas.<\/p>\n<p>Desde lo period\u00edstico, habr\u00e1 una charla \u201cTute nos cuenta todo\u201d, en la que el humorista gr\u00e1fico Tute y el entrevistador Jos\u00e9 Lepere conversar\u00e1n la vida de Tute, su obra, su relaci\u00f3n con su padre Caloi, y cu\u00e1nto lo incidi\u00f3 \u00e9ste en seguir su mismo camino.<\/p>\n<p>Y por \u00faltimo, lo pr\u00e1ctico se presentar\u00e1 con una Variet\u00e9 de Humor, con la presentaci\u00f3n de diversas disciplinas humor\u00edsticas, con artistas forasteros y artistas locales.<\/p>\n<p>\u201cEl humor es un modo de presentar la realidad, un modo de ver la realidad. La presencia de diversos humoristas, c\u00f3micos o comediantes podr\u00e1 aportar a ver la realidad de otro modo, y a re\u00edrse de los propios problemas donde atraviesa una diversidad de g\u00e9neros art\u00edsticos: teatral, musical, gr\u00e1fico y escrito\u201d, expresaron desde el Instituto Cultural conducido por Florencia Saintout<strong>(VW)<\/strong>.<\/p>\n","protected":false},"excerpt":{"rendered":"<p>Jornada prevista para el s\u00e1bado 10 de agosto a las 18:00 en el Galp\u00f3n de las Artes de San Vicente. Se presentar\u00e1 el humor desde lo te\u00f3rico, lo period\u00edstico, y lo pr\u00e1ctico. Evento libre&#46;&#46;&#46;<\/p>\n","protected":false},"author":3,"featured_media":15391,"comment_status":"closed","ping_status":"closed","sticky":false,"template":"","format":"standard","meta":{"_monsterinsights_skip_tracking":false,"_monsterinsights_sitenote_active":false,"_monsterinsights_sitenote_note":"","_monsterinsights_sitenote_category":0,"footnotes":""},"categories":[8],"tags":[6509,6508,1564],"class_list":["post-15390","post","type-post","status-publish","format-standard","has-post-thumbnail","hentry","category-interes-general","tag-galpon","tag-humor","tag-san-vicente"],"_links":{"self":[{"href":"https:\/\/www.visionweb.com.ar\/index.php?rest_route=\/wp\/v2\/posts\/15390","targetHints":{"allow":["GET"]}}],"collection":[{"href":"https:\/\/www.visionweb.com.ar\/index.php?rest_route=\/wp\/v2\/posts"}],"about":[{"href":"https:\/\/www.visionweb.com.ar\/index.php?rest_route=\/wp\/v2\/types\/post"}],"author":[{"embeddable":true,"href":"https:\/\/www.visionweb.com.ar\/index.php?rest_route=\/wp\/v2\/users\/3"}],"replies":[{"embeddable":true,"href":"https:\/\/www.visionweb.com.ar\/index.php?rest_route=%2Fwp%2Fv2%2Fcomments&post=15390"}],"version-history":[{"count":1,"href":"https:\/\/www.visionweb.com.ar\/index.php?rest_route=\/wp\/v2\/posts\/15390\/revisions"}],"predecessor-version":[{"id":15392,"href":"https:\/\/www.visionweb.com.ar\/index.php?rest_route=\/wp\/v2\/posts\/15390\/revisions\/15392"}],"wp:featuredmedia":[{"embeddable":true,"href":"https:\/\/www.visionweb.com.ar\/index.php?rest_route=\/wp\/v2\/media\/15391"}],"wp:attachment":[{"href":"https:\/\/www.visionweb.com.ar\/index.php?rest_route=%2Fwp%2Fv2%2Fmedia&parent=15390"}],"wp:term":[{"taxonomy":"category","embeddable":true,"href":"https:\/\/www.visionweb.com.ar\/index.php?rest_route=%2Fwp%2Fv2%2Fcategories&post=15390"},{"taxonomy":"post_tag","embeddable":true,"href":"https:\/\/www.visionweb.com.ar\/index.php?rest_route=%2Fwp%2Fv2%2Ftags&post=15390"}],"curies":[{"name":"wp","href":"https:\/\/api.w.org\/{rel}","templated":true}]}}