{"id":15388,"date":"2024-08-06T15:15:58","date_gmt":"2024-08-06T18:15:58","guid":{"rendered":"https:\/\/www.visionweb.com.ar\/?p=15388"},"modified":"2024-08-06T15:15:58","modified_gmt":"2024-08-06T18:15:58","slug":"el-gobierno-lanzaria-las-licencias-de-conducir-sin-vencimiento-con-renovacion-automatica-y-online","status":"publish","type":"post","link":"https:\/\/www.visionweb.com.ar\/?p=15388","title":{"rendered":"El Gobierno lanzar\u00eda las licencias de conducir sin vencimiento, con renovaci\u00f3n autom\u00e1tica y online"},"content":{"rendered":"<p><em><strong>Los usuarios s\u00f3lo deber\u00edan presentar\u00a0un certificado m\u00e9dico y declaraci\u00f3n jurada de forma online cada cinco a\u00f1os.<\/strong><\/em><!--more--><\/p>\n<p><strong>\u00a0\u00a0\u00a0\u00a0 <img loading=\"lazy\" decoding=\"async\" class=\"size-medium wp-image-604 alignright\" src=\"https:\/\/www.visionweb.com.ar\/wp-content\/uploads\/2020\/12\/LICENCIAS-300x209.png\" alt=\"\" width=\"300\" height=\"209\" srcset=\"https:\/\/www.visionweb.com.ar\/wp-content\/uploads\/2020\/12\/LICENCIAS-300x209.png 300w, https:\/\/www.visionweb.com.ar\/wp-content\/uploads\/2020\/12\/LICENCIAS.png 697w\" sizes=\"auto, (max-width: 300px) 100vw, 300px\" \/> E<\/strong>l Ministro de <strong>Desregulaci\u00f3n y Transformaci\u00f3n del Estado, Federico Sturzenegger<\/strong>, confirm\u00f3 que el Gobierno anunciar\u00e1 las <strong>licencias de conducir sin vencimiento<\/strong> en las pr\u00f3ximas semanas, iniciativa en la que trabaja junto a la diputada del PRO, <strong>Patricia V\u00e1squez<\/strong>, quien present\u00f3 un proyecto en ese sentido meses atr\u00e1s.<\/p>\n<p>El proyecto trae\u00a0<strong>modificaciones en la legislaci\u00f3n de la\u00a0Agencia Nacional de Seguridad Vial<\/strong>\u00a0(ANSV) para\u00a0<strong>que las licencias de conducir no tengan vencimiento<\/strong>, y los usuarios solamente deber\u00edan presentar\u00a0<strong>un certificado m\u00e9dico y declaraci\u00f3n jurada de forma online cada cinco a\u00f1os<\/strong>.<\/p>\n<p>El tema apareci\u00f3 en la agenda del Gobierno precisamente a trav\u00e9s de la diputada <strong>V\u00e1squez: \u201cLas licencias no van a vencer m\u00e1s<\/strong>. El cambio es m\u00e1s libertad con m\u00e1s responsabilidad. Cada cinco a\u00f1os habr\u00e1 que presentar un <strong>certificado m\u00e9dico y una declaraci\u00f3n jurada<\/strong>, gratuitamente. No ten\u00e9s que pagar m\u00e1s renovaciones de licencias\u201d, dijo la legisladora en una publicaci\u00f3n en la red social TikTok.<\/p>\n<p>Por su parte, el ministro <strong>Sturzenegger<\/strong> dijo al respecto: \u201cNo puedo dar muchos detalles porque se va a anunciar con el Ministro de Econom\u00eda en un par de semanas. Estamos trabajando con la diputada Patricia V\u00e1squez en algo que va a ser muy cool\u201d.<\/p>\n<p>\u201cVos <strong>sac\u00e1s un registro de conducir y \u00bfpor qu\u00e9 lo ten\u00e9s que renovar<\/strong>? En Estados Unidos sac\u00e1s la licencia y no vas m\u00e1s. Simplemente ten\u00e9s que mandar una declaraci\u00f3n jurada que demuestre que tu condici\u00f3n f\u00edsica sigue siendo apta. No es un anuncio esto, es s\u00f3lo un comentario. Manuel L\u00f3pez Obrador puso la licencia de conducir vitalicia en M\u00e9xico DF. Lo hizo porque ten\u00eda tanta corrupci\u00f3n en el mecanismo expendedor de licencias que lo solucion\u00f3 de ese modo\u201d, se\u00f1al\u00f3 Sturzenegger.<\/p>\n<p>La iniciativa, en tanto, se ve enmarcada dentro de una tem\u00e1tica mucho m\u00e1s amplia, como es la que involucra a los Registros del Automotor, su funcionamiento y el plan para crear un registro \u00fanico digital como est\u00e1 escrito en el DNU 70\/2023.<\/p>\n<p>\u201cEl tema de la <strong>registraci\u00f3n nacional de autom\u00f3viles va a estar pronto<\/strong>, hay temas de implementaci\u00f3n. Igual quiero decir algo que por ah\u00ed no es lo que la gente quiere escuchar. Lo que se paga en el Registro del Automotor a veces no esto todo costo del registro, sino que el 70% de lo que paga son impuestos, y como saben, muchos de esos impuestos son provinciales. Lo que vamos a hacer es reducir los sobrecostos que generan los registros en s\u00ed mismos generando un mecanismo alternativo. Estamos trabajando en cambiarle la experiencia al usuario, para que todo el tr\u00e1mite pueda hacerlo desde la casa. En dos meses me llaman y vamos a rendir cuentas respecto a las mejoras que podamos lograr respecto a los Registros del Automotor\u201d, se\u00f1al\u00f3.<\/p>\n<p>Cabe se\u00f1alar que el proyecto de ley que impulsa V\u00e1squez dice que \u201c<strong>las licencias de conducir en sus categor\u00edas no profesionales se otorgar\u00e1n sin fecha de vencimiento<\/strong>, debiendo los conductores presentar cada cinco (5) a\u00f1os una declaraci\u00f3n jurada e informar, v\u00eda plataforma electr\u00f3nica, y su aptitud psicof\u00edsica para conducir mediante de un certificado emitido por m\u00e9dico acreditado por la autoridad de aplicaci\u00f3n a estos efectos. <strong>A partir de los 75 a\u00f1os, esta exigencia deber\u00e1 ser cumplimentada cada a\u00f1o en id\u00e9ntica modalidad<\/strong>. La presentaci\u00f3n de certificado m\u00e9dico y declaraci\u00f3n jurada es de car\u00e1cter digital y sin costo\u201d.<\/p>\n<p>Tambi\u00e9n se\u00f1ala que \u201cla autoridad de aplicaci\u00f3n elaborar\u00e1 el protocolo de evaluaci\u00f3n de aptitud psicof\u00edsica para el manejo de categor\u00edas no profesionales y <strong>dictar\u00e1 los cursos de formaci\u00f3n espec\u00edficos para los m\u00e9dicos que expidan los certificados correspondientes<\/strong>. <strong>(VW)<\/strong><\/p>\n","protected":false},"excerpt":{"rendered":"<p>Los usuarios s\u00f3lo deber\u00edan presentar\u00a0un certificado m\u00e9dico y declaraci\u00f3n jurada de forma online cada cinco a\u00f1os.<\/p>\n","protected":false},"author":4,"featured_media":604,"comment_status":"closed","ping_status":"closed","sticky":false,"template":"","format":"standard","meta":{"_monsterinsights_skip_tracking":false,"_monsterinsights_sitenote_active":false,"_monsterinsights_sitenote_note":"","_monsterinsights_sitenote_category":0,"footnotes":""},"categories":[4],"tags":[6507,6506,1953,6505],"class_list":["post-15388","post","type-post","status-publish","format-standard","has-post-thumbnail","hentry","category-politica","tag-licencias-de-conducir-sin-vencimiento","tag-patricia-vasquez","tag-proyecto","tag-sturzenegger"],"_links":{"self":[{"href":"https:\/\/www.visionweb.com.ar\/index.php?rest_route=\/wp\/v2\/posts\/15388","targetHints":{"allow":["GET"]}}],"collection":[{"href":"https:\/\/www.visionweb.com.ar\/index.php?rest_route=\/wp\/v2\/posts"}],"about":[{"href":"https:\/\/www.visionweb.com.ar\/index.php?rest_route=\/wp\/v2\/types\/post"}],"author":[{"embeddable":true,"href":"https:\/\/www.visionweb.com.ar\/index.php?rest_route=\/wp\/v2\/users\/4"}],"replies":[{"embeddable":true,"href":"https:\/\/www.visionweb.com.ar\/index.php?rest_route=%2Fwp%2Fv2%2Fcomments&post=15388"}],"version-history":[{"count":1,"href":"https:\/\/www.visionweb.com.ar\/index.php?rest_route=\/wp\/v2\/posts\/15388\/revisions"}],"predecessor-version":[{"id":15389,"href":"https:\/\/www.visionweb.com.ar\/index.php?rest_route=\/wp\/v2\/posts\/15388\/revisions\/15389"}],"wp:featuredmedia":[{"embeddable":true,"href":"https:\/\/www.visionweb.com.ar\/index.php?rest_route=\/wp\/v2\/media\/604"}],"wp:attachment":[{"href":"https:\/\/www.visionweb.com.ar\/index.php?rest_route=%2Fwp%2Fv2%2Fmedia&parent=15388"}],"wp:term":[{"taxonomy":"category","embeddable":true,"href":"https:\/\/www.visionweb.com.ar\/index.php?rest_route=%2Fwp%2Fv2%2Fcategories&post=15388"},{"taxonomy":"post_tag","embeddable":true,"href":"https:\/\/www.visionweb.com.ar\/index.php?rest_route=%2Fwp%2Fv2%2Ftags&post=15388"}],"curies":[{"name":"wp","href":"https:\/\/api.w.org\/{rel}","templated":true}]}}