{"id":15385,"date":"2024-08-06T14:50:42","date_gmt":"2024-08-06T17:50:42","guid":{"rendered":"https:\/\/www.visionweb.com.ar\/?p=15385"},"modified":"2024-08-06T14:50:42","modified_gmt":"2024-08-06T17:50:42","slug":"celebraciones-por-el-dia-de-san-cayetano-en-avellaneda-lanus","status":"publish","type":"post","link":"https:\/\/www.visionweb.com.ar\/?p=15385","title":{"rendered":"Celebraciones por el d\u00eda de San Cayetano en Avellaneda-Lan\u00fas"},"content":{"rendered":"<p><em><strong>La agenda de la celebraci\u00f3n del patrono del trabajo para ma\u00f1ana 7 de agosto. Tambi\u00e9n hoy en la v\u00edspera, habr\u00e1 una misa a las 19 en Monte Chingolo.<\/strong><\/em><!--more--><\/p>\n<p><strong>\u00a0\u00a0\u00a0 <img loading=\"lazy\" decoding=\"async\" class=\"size-medium wp-image-15386 alignright\" src=\"https:\/\/www.visionweb.com.ar\/wp-content\/uploads\/2024\/08\/San-Cayetano-253x300.png\" alt=\"\" width=\"253\" height=\"300\" srcset=\"https:\/\/www.visionweb.com.ar\/wp-content\/uploads\/2024\/08\/San-Cayetano-253x300.png 253w, https:\/\/www.visionweb.com.ar\/wp-content\/uploads\/2024\/08\/San-Cayetano.png 397w\" sizes=\"auto, (max-width: 253px) 100vw, 253px\" \/>\u00a0 M<\/strong>a\u00f1ana mi\u00e9rcoles los fieles de la grey cat\u00f3lica de <strong>Avellaneda-Lan\u00fas<\/strong> celebrar\u00e1n como cada 7 de agosto, a\u00a0<strong>San Cayetano, el patrono del pan y del trabajo<\/strong>, por lo cual los peregrinos se acercar\u00e1n a los templos de la di\u00f3cesis dedicados al santo para pedir por el <strong>milagro de un trabajo digno<\/strong> y agradecer el que atesoran.<\/p>\n<p>Esta es la agenda de celebraciones de Avellaneda-Lan\u00fas:<\/p>\n<p><strong>Santuario San Cayetano de Monte Chingolo<\/strong><\/p>\n<ul>\n<li>Ituzaing\u00f3 3470, Monte Chingolo<\/li>\n<li>Apertura a las 00.<\/li>\n<li>Misas a las 00, 07, 09, 11, 13, 15 y a las 20.<\/li>\n<li>A las 18.30, procesi\u00f3n por las calles del barrio.<\/li>\n<li>La misa de 20 ser\u00e1 presidia por el Padre Obispo Marcelo Maxi Margni.<\/li>\n<\/ul>\n<p><strong>Cuasiparroquia San Cayetano de Pi\u00f1eyro<\/strong><\/p>\n<ul>\n<li>General D\u00edaz 1434, Pi\u00f1eyro<\/li>\n<li>Misas a las 11.30 por los enfermos y afligidos, y a las 19.<\/li>\n<li>En la misa de la ma\u00f1ana se administrar\u00e1 la Unci\u00f3n de los Enfermos<\/li>\n<\/ul>\n<p><strong>Capilla Nuestra Se\u00f1ora de Luj\u00e1n y San Cayetano de Caraza<\/strong><\/p>\n<ul>\n<li>Arist\u00f3bulo del Valle 1647, Villa Caraza.<\/li>\n<li>Misas a las 9, 17 y 20.<\/li>\n<li>Procesi\u00f3n a las 19.<\/li>\n<li>La misa de las 20 ser\u00e1 presidia por el obispo em\u00e9rito de Avellaneda-Lan\u00fas, Rub\u00e9n Frassia.<\/li>\n<\/ul>\n<p>Adem\u00e1s, <strong>este martes 6 de agosto a las 19<\/strong>, en v\u00edsperas de la fiesta, el <strong>Padre Obispo Maxi Margni<\/strong> presidir\u00e1 la\u00a0<strong>misa por la santificaci\u00f3n del trabajo, con participaci\u00f3n de trabajadores y sindicatos\u00a0<\/strong>en el Santuario San Cayetano de Monte Chingolo. <strong>(VW)<\/strong><\/p>\n<p>&nbsp;<\/p>\n","protected":false},"excerpt":{"rendered":"<p>La agenda de la celebraci\u00f3n del patrono del trabajo para ma\u00f1ana 7 de agosto. Tambi\u00e9n hoy en la v\u00edspera, habr\u00e1 una misa a las 19 en Monte Chingolo.<\/p>\n","protected":false},"author":4,"featured_media":15386,"comment_status":"closed","ping_status":"closed","sticky":false,"template":"","format":"standard","meta":{"_monsterinsights_skip_tracking":false,"_monsterinsights_sitenote_active":false,"_monsterinsights_sitenote_note":"","_monsterinsights_sitenote_category":0,"footnotes":""},"categories":[8,5],"tags":[6504,6503,6502],"class_list":["post-15385","post","type-post","status-publish","format-standard","has-post-thumbnail","hentry","category-interes-general","category-sociedad","tag-avellaneda-lanus","tag-el-milagro-de-un-trabajo-digno","tag-misas-por-san-cayetano"],"_links":{"self":[{"href":"https:\/\/www.visionweb.com.ar\/index.php?rest_route=\/wp\/v2\/posts\/15385","targetHints":{"allow":["GET"]}}],"collection":[{"href":"https:\/\/www.visionweb.com.ar\/index.php?rest_route=\/wp\/v2\/posts"}],"about":[{"href":"https:\/\/www.visionweb.com.ar\/index.php?rest_route=\/wp\/v2\/types\/post"}],"author":[{"embeddable":true,"href":"https:\/\/www.visionweb.com.ar\/index.php?rest_route=\/wp\/v2\/users\/4"}],"replies":[{"embeddable":true,"href":"https:\/\/www.visionweb.com.ar\/index.php?rest_route=%2Fwp%2Fv2%2Fcomments&post=15385"}],"version-history":[{"count":1,"href":"https:\/\/www.visionweb.com.ar\/index.php?rest_route=\/wp\/v2\/posts\/15385\/revisions"}],"predecessor-version":[{"id":15387,"href":"https:\/\/www.visionweb.com.ar\/index.php?rest_route=\/wp\/v2\/posts\/15385\/revisions\/15387"}],"wp:featuredmedia":[{"embeddable":true,"href":"https:\/\/www.visionweb.com.ar\/index.php?rest_route=\/wp\/v2\/media\/15386"}],"wp:attachment":[{"href":"https:\/\/www.visionweb.com.ar\/index.php?rest_route=%2Fwp%2Fv2%2Fmedia&parent=15385"}],"wp:term":[{"taxonomy":"category","embeddable":true,"href":"https:\/\/www.visionweb.com.ar\/index.php?rest_route=%2Fwp%2Fv2%2Fcategories&post=15385"},{"taxonomy":"post_tag","embeddable":true,"href":"https:\/\/www.visionweb.com.ar\/index.php?rest_route=%2Fwp%2Fv2%2Ftags&post=15385"}],"curies":[{"name":"wp","href":"https:\/\/api.w.org\/{rel}","templated":true}]}}