{"id":15379,"date":"2024-08-06T13:45:05","date_gmt":"2024-08-06T16:45:05","guid":{"rendered":"https:\/\/www.visionweb.com.ar\/?p=15379"},"modified":"2024-08-06T13:45:05","modified_gmt":"2024-08-06T16:45:05","slug":"lanus-gobierno-celebrara-los-101-anos-de-remedios-de-escalada-con-el-festival-este-es-mi-barrio","status":"publish","type":"post","link":"https:\/\/www.visionweb.com.ar\/?p=15379","title":{"rendered":"Lan\u00fas Gobierno celebrar\u00e1 los 101 a\u00f1os de Remedios de Escalada con el festival \u00abEste es mi Barrio\u00bb"},"content":{"rendered":"<p><em><strong>Ser\u00e1 el\u00a0s\u00e1bado 10 de agosto. Habr\u00e1 un mega festival con muestras art\u00edsticas de instituciones, puestos gastron\u00f3micos y feria de artesan\u00edas. Tambi\u00e9n ese d\u00eda el Municipio ofrecer\u00e1 otro Operativo Lan\u00fas Tu Gobierno.<\/strong><\/em><!--more--><\/p>\n<p><strong> <img loading=\"lazy\" decoding=\"async\" class=\"size-medium wp-image-15380 alignright\" src=\"https:\/\/www.visionweb.com.ar\/wp-content\/uploads\/2024\/08\/escalada-101-anos-300x300.jpg\" alt=\"\" width=\"300\" height=\"300\" srcset=\"https:\/\/www.visionweb.com.ar\/wp-content\/uploads\/2024\/08\/escalada-101-anos-300x300.jpg 300w, https:\/\/www.visionweb.com.ar\/wp-content\/uploads\/2024\/08\/escalada-101-anos-150x150.jpg 150w, https:\/\/www.visionweb.com.ar\/wp-content\/uploads\/2024\/08\/escalada-101-anos-80x80.jpg 80w, https:\/\/www.visionweb.com.ar\/wp-content\/uploads\/2024\/08\/escalada-101-anos-320x320.jpg 320w, https:\/\/www.visionweb.com.ar\/wp-content\/uploads\/2024\/08\/escalada-101-anos-65x65.jpg 65w, https:\/\/www.visionweb.com.ar\/wp-content\/uploads\/2024\/08\/escalada-101-anos.jpg 390w\" sizes=\"auto, (max-width: 300px) 100vw, 300px\" \/> \u00a0 L<\/strong>an\u00fas Gobierno festejar\u00e1 a lo grande el <strong>cumplea\u00f1os N\u00b0 101 de Remedios de Escalada<\/strong> el\u00a0s\u00e1bado <strong>10 de agosto <\/strong>con el mega festival <strong>\u00abEste es mi Barrio\u00bb<\/strong>, en el que se podr\u00e1n disfrutar muestras art\u00edsticas de instituciones, diferentes sabores de puestos gastron\u00f3micos y de la feria de artesan\u00edas.<\/p>\n<p>El evento se llevar\u00e1 adelante el pr\u00f3ximo s\u00e1bado en la Plaza Mariano Moreno, ubicada en Av. Hip\u00f3lito Yrigoyen 6200, Remedios de Escalada, de 13 a 18 horas.<\/p>\n<p>A la vez, durante las actividades de conmemoraci\u00f3n del aniversario que cumpli\u00f3 la localidad el pasado\u00a03 de agosto, las y los vecinos podr\u00e1n acceder a <strong>diversos tr\u00e1mites<\/strong>, servicios y asesor\u00edas municipales personalizadas mediante el\u00a0cl\u00e1sico\u00a0<strong>Operativo Lan\u00fas Tu Gobierno,<\/strong> conforme indic\u00f3 la Subsecretar\u00eda de Prensa Lan\u00fas Gobierno.<\/p>\n<p><strong>Cronograma de actividades y espect\u00e1culos:<\/strong><\/p>\n<ul>\n<li>Danza peric\u00f3n nacional estilizado de la Escuela Primaria N\u00ba74 Rep\u00fablica de Italia)<\/li>\n<li>Orquesta Cristo Rey<\/li>\n<li>Parejas de baile del Centro de Jubilados Mi Esperanza<\/li>\n<li>Adriana Rolla<\/li>\n<li>Ballet folcl\u00f3rico del Centro de Jubilados 9 de Julio<\/li>\n<li>Ballet griego de la Colectividad Hel\u00e9nica S\u00f3crates<\/li>\n<li>Doctor Kein<\/li>\n<li>Baile con banderines de los alumnos de la Escuela Primaria N\u00ba16 Dr. Arturo Melo<\/li>\n<li>La Narigona<\/li>\n<li>Escalandombe<\/li>\n<li>Ballet folcl\u00f3rico compa\u00f1\u00eda La Barbarie<\/li>\n<li>Eso es todo<\/li>\n<li>Sof\u00eda Viola<\/li>\n<li>Alumnos de la Escuela Secundaria EES N\u00ba 39 Luis Alberto Spinetta<\/li>\n<\/ul>\n<p>Desde el \u00e1mbito de la cultura, formar\u00e1n parte de esta propuesta: la Casa Cultural El Bosque de Natamacca, Asociaci\u00f3n Colectividad Hel\u00e9nica S\u00f3crates, Biblioteca Popular Alberdi, Biblioteca Barriocanal, los museos Juan Ram\u00f3n Pi\u00f1eiro y H\u00e9roes de Malvinas y el Banco Credicoop Cooperativa.<\/p>\n<p>En tanto, las entidades deportivas confirmadas son: Ferroclub de Remedios de Escalada, Club Social y Deportivo San Mart\u00edn de Escalada, Club Social y Deportivo Siglo XX, Club Social y Deportivo Belgrano de Remedios de Escalada, Rotary Club de Remedios de Escalada, Uni\u00f3n Ferroviaria La Fraternidad, Fundaci\u00f3n Pupi y Club Atl\u00e9tico Talleres.<\/p>\n<p>Adem\u00e1s, se sumar\u00e1n al encuentro, los centros de jubilados Mi Esperanza, 9 de Julio y la Sociedad de Fomento y Centro de Jubilados Villa General Balcarce. Tambi\u00e9n estar\u00e1n los grupos de scout General San Mart\u00edn, 1188 Nuestra Se\u00f1ora de los Remedios y San Expedito.<\/p>\n<p>En tanto, por parte de la comunidad educativa dir\u00e1n presente el Jard\u00edn de Infantes Pichoncitos N\u00ba18, Escalada de Pie, las escuelas primarias N\u00ba74 Rep\u00fablica de Italia, N\u00ba41 Juan Manuel Estrada, la Escuela T\u00e9cnica N\u00ba6 Ferrocarriles Argentinos, Escuela Secundaria EES N\u00ba39 Luis Alberto Spinetta, el Centro Socioeducativo y Comunitario Julio Cao y el Centro Cultural El Barrio Cultural.<\/p>\n<p>En el marco del Programa Este es Mi Barrio, el Municipio ya celebr\u00f3 el aniversario de Villa Caraza, con un alto nivel de convocatoria.\u00a0<strong>(VW)<\/strong><\/p>\n<p>&nbsp;<\/p>\n","protected":false},"excerpt":{"rendered":"<p>Ser\u00e1 el\u00a0s\u00e1bado 10 de agosto. Habr\u00e1 un mega festival con muestras art\u00edsticas de instituciones, puestos gastron\u00f3micos y feria de artesan\u00edas. Tambi\u00e9n ese d\u00eda el Municipio ofrecer\u00e1 otro Operativo Lan\u00fas Tu Gobierno.<\/p>\n","protected":false},"author":4,"featured_media":15380,"comment_status":"closed","ping_status":"closed","sticky":false,"template":"","format":"standard","meta":{"_monsterinsights_skip_tracking":false,"_monsterinsights_sitenote_active":false,"_monsterinsights_sitenote_note":"","_monsterinsights_sitenote_category":0,"footnotes":""},"categories":[8],"tags":[6499,6498,228,6109],"class_list":["post-15379","post","type-post","status-publish","format-standard","has-post-thumbnail","hentry","category-interes-general","tag-este-es-mi-barrio","tag-101-aniversario-remedios-de-escalada","tag-festival","tag-lanus-gobierno"],"_links":{"self":[{"href":"https:\/\/www.visionweb.com.ar\/index.php?rest_route=\/wp\/v2\/posts\/15379","targetHints":{"allow":["GET"]}}],"collection":[{"href":"https:\/\/www.visionweb.com.ar\/index.php?rest_route=\/wp\/v2\/posts"}],"about":[{"href":"https:\/\/www.visionweb.com.ar\/index.php?rest_route=\/wp\/v2\/types\/post"}],"author":[{"embeddable":true,"href":"https:\/\/www.visionweb.com.ar\/index.php?rest_route=\/wp\/v2\/users\/4"}],"replies":[{"embeddable":true,"href":"https:\/\/www.visionweb.com.ar\/index.php?rest_route=%2Fwp%2Fv2%2Fcomments&post=15379"}],"version-history":[{"count":1,"href":"https:\/\/www.visionweb.com.ar\/index.php?rest_route=\/wp\/v2\/posts\/15379\/revisions"}],"predecessor-version":[{"id":15381,"href":"https:\/\/www.visionweb.com.ar\/index.php?rest_route=\/wp\/v2\/posts\/15379\/revisions\/15381"}],"wp:featuredmedia":[{"embeddable":true,"href":"https:\/\/www.visionweb.com.ar\/index.php?rest_route=\/wp\/v2\/media\/15380"}],"wp:attachment":[{"href":"https:\/\/www.visionweb.com.ar\/index.php?rest_route=%2Fwp%2Fv2%2Fmedia&parent=15379"}],"wp:term":[{"taxonomy":"category","embeddable":true,"href":"https:\/\/www.visionweb.com.ar\/index.php?rest_route=%2Fwp%2Fv2%2Fcategories&post=15379"},{"taxonomy":"post_tag","embeddable":true,"href":"https:\/\/www.visionweb.com.ar\/index.php?rest_route=%2Fwp%2Fv2%2Ftags&post=15379"}],"curies":[{"name":"wp","href":"https:\/\/api.w.org\/{rel}","templated":true}]}}