{"id":15377,"date":"2024-08-06T09:18:20","date_gmt":"2024-08-06T12:18:20","guid":{"rendered":"https:\/\/www.visionweb.com.ar\/?p=15377"},"modified":"2024-08-06T09:18:20","modified_gmt":"2024-08-06T12:18:20","slug":"oficializaron-las-nuevas-tarifas-de-colectivos-en-el-amba","status":"publish","type":"post","link":"https:\/\/www.visionweb.com.ar\/?p=15377","title":{"rendered":"Oficializaron las nuevas tarifas de colectivos en el AMBA"},"content":{"rendered":"<p><em><strong>Desde el lunes viajar ser\u00e1 37% m\u00e1s caro. El boleto m\u00ednimo en esa regi\u00f3n se va a $ 371,13 desde el 12 de agosto. La Resoluci\u00f3n fue publicada en el Bolet\u00edn Oficial.<\/strong><\/em><!--more--><\/p>\n<p><img loading=\"lazy\" decoding=\"async\" class=\"size-full wp-image-1480 alignright\" src=\"https:\/\/www.visionweb.com.ar\/wp-content\/uploads\/2021\/04\/paro-uta-transportes.bmp\" alt=\"\" width=\"380\" height=\"276\" \/>El Gobierno aprob\u00f3 este martes de la actualizaci\u00f3n tarifaria para los colectivos en el \u00c1rea Metropolitana de Buenos Aires (AMBA), con un ajuste que llega al 37,5%. Las nuevas tarifas tendr\u00e1n vigencia a partir del 12 de agosto, seg\u00fan qued\u00f3 reflejado a trav\u00e9s de la Resoluci\u00f3n 25\/2024.<\/p>\n<p>Tras mantenerse congelado desde febrero, el boleto m\u00ednimo pasar\u00e1 de $270 a $371,13 desde el pr\u00f3ximo lunes.<\/p>\n<p>El alza de las tarifas corresponde a la variaci\u00f3n de precios acumulada de enero y febrero, seg\u00fan dicta la resoluci\u00f3n 25 de la Secretar\u00eda de Transporte publicada en el Bolet\u00edn Oficial. Adem\u00e1s, adelantaron que resta un ajuste del 32,5% en el cuadro tarifario correspondiente a la inflaci\u00f3n de marzo, abril, mayo y junio.<\/p>\n<p>En sus considerandos, dice que \u201cse considera oportuno actualizar las tarifas aplicando la variaci\u00f3n acumulada para los primeros dos meses del per\u00edodo bajo an\u00e1lisis, lo que representa un 37,5% (meses de enero y febrero). Quedando pendiente, o a consideraci\u00f3n de futuras actualizaciones, un 32,5% correspondiente al periodo comprendido por los meses de marzo, abril, mayo y junio\u201d.<\/p>\n<p>La \u00faltima actualizaci\u00f3n se hab\u00eda realizado en febrero, y desde que empez\u00f3 el a\u00f1o habr\u00e1 acumulado una suba de 598%.<\/p>\n<p>Este martes, el Gobierno tambi\u00e9n public\u00f3 en el Bolet\u00edn Oficial del Decreto 698\/2024, que establece que la tarjeta SUBE ya no tendr\u00e1 la exclusividad al momento de abonar los boletos y que se aceptar\u00e1 \u201ccualquier medio de pago electr\u00f3nico sin contacto\u201d, pero todav\u00eda no se aclar\u00f3 cu\u00e1l ser\u00e1 la tarifa para estas nuevas modalidades.<\/p>\n<p>Estas ser\u00e1n las nuevas tarifas de los colectivos en el AMBA:<br \/>\nCon la tarjeta SUBE registrada<\/p>\n<p>Tramo 0-3 kil\u00f3metros (km): pasa de $ 270 a $ 371,13<br \/>\nTramo 3-6 km: pasa de $ 300,78 a $ 413,44<br \/>\nTramo 6-12 km: pasa de $ 323,95 a $ 445,29<br \/>\nTramo 12-27 km: pasa de $ 347,15 a $ 477,17<br \/>\nM\u00e1s de 27 km: pasa de $ 370,18 a $ 508,83<br \/>\nSin SUBE registrada<\/p>\n<p>Tramo 0-3 km: pasa de $ 429,30 a $ 590,10<br \/>\nTramo 3-6 km: pasa de $ 478,24 a $ 657,37<br \/>\nTramo 6-12 km: pasa de $ 515,08 a $ 708,01<br \/>\nTramo 12-27 km: pasa de $ 551,97 a $ 758,70<br \/>\nM\u00e1s de 27 km: pasa de $ 588,59 a $ 809,04<\/p>\n<p><strong>(VW)<\/strong><\/p>\n","protected":false},"excerpt":{"rendered":"<p>Desde el lunes viajar ser\u00e1 37% m\u00e1s caro. El boleto m\u00ednimo en esa regi\u00f3n se va a $ 371,13 desde el 12 de agosto. La Resoluci\u00f3n fue publicada en el Bolet\u00edn Oficial.<\/p>\n","protected":false},"author":3,"featured_media":2702,"comment_status":"closed","ping_status":"closed","sticky":false,"template":"","format":"standard","meta":{"_monsterinsights_skip_tracking":false,"_monsterinsights_sitenote_active":false,"_monsterinsights_sitenote_note":"","_monsterinsights_sitenote_category":0,"footnotes":""},"categories":[8],"tags":[141,705,6497,564],"class_list":["post-15377","post","type-post","status-publish","format-standard","has-post-thumbnail","hentry","category-interes-general","tag-aumentos","tag-colectivos","tag-lunes","tag-tarifas"],"_links":{"self":[{"href":"https:\/\/www.visionweb.com.ar\/index.php?rest_route=\/wp\/v2\/posts\/15377","targetHints":{"allow":["GET"]}}],"collection":[{"href":"https:\/\/www.visionweb.com.ar\/index.php?rest_route=\/wp\/v2\/posts"}],"about":[{"href":"https:\/\/www.visionweb.com.ar\/index.php?rest_route=\/wp\/v2\/types\/post"}],"author":[{"embeddable":true,"href":"https:\/\/www.visionweb.com.ar\/index.php?rest_route=\/wp\/v2\/users\/3"}],"replies":[{"embeddable":true,"href":"https:\/\/www.visionweb.com.ar\/index.php?rest_route=%2Fwp%2Fv2%2Fcomments&post=15377"}],"version-history":[{"count":1,"href":"https:\/\/www.visionweb.com.ar\/index.php?rest_route=\/wp\/v2\/posts\/15377\/revisions"}],"predecessor-version":[{"id":15378,"href":"https:\/\/www.visionweb.com.ar\/index.php?rest_route=\/wp\/v2\/posts\/15377\/revisions\/15378"}],"wp:featuredmedia":[{"embeddable":true,"href":"https:\/\/www.visionweb.com.ar\/index.php?rest_route=\/wp\/v2\/media\/2702"}],"wp:attachment":[{"href":"https:\/\/www.visionweb.com.ar\/index.php?rest_route=%2Fwp%2Fv2%2Fmedia&parent=15377"}],"wp:term":[{"taxonomy":"category","embeddable":true,"href":"https:\/\/www.visionweb.com.ar\/index.php?rest_route=%2Fwp%2Fv2%2Fcategories&post=15377"},{"taxonomy":"post_tag","embeddable":true,"href":"https:\/\/www.visionweb.com.ar\/index.php?rest_route=%2Fwp%2Fv2%2Ftags&post=15377"}],"curies":[{"name":"wp","href":"https:\/\/api.w.org\/{rel}","templated":true}]}}